{"id":10792,"date":"2023-01-15T21:51:39","date_gmt":"2023-01-15T20:51:39","guid":{"rendered":"https:\/\/agora.xtec.cat\/escolametllers\/?p=10792"},"modified":"2023-01-15T21:51:39","modified_gmt":"2023-01-15T20:51:39","slug":"nadal-3","status":"publish","type":"post","link":"https:\/\/agora.xtec.cat\/escolametllers\/infantil\/nadal-3\/","title":{"rendered":"NADAL"},"content":{"rendered":"<p class=\"western\" lang=\"ca-ES\" align=\"justify\"><span style=\"font-family: Arial, serif;\"><span style=\"font-size: large;\"><a href=\"https:\/\/photos.app.goo.gl\/c9Sf9kHDFjVKRYWA9\"><img loading=\"lazy\" decoding=\"async\" class=\"alignnone size-large wp-image-10793\" src=\"https:\/\/agora.xtec.cat\/escolametllers\/wp-content\/uploads\/usu1580\/2023\/01\/IMG-20221221-WA0015-1024x576.jpg\" alt=\"\" width=\"1024\" height=\"576\" srcset=\"https:\/\/agora.xtec.cat\/escolametllers\/wp-content\/uploads\/usu1580\/2023\/01\/IMG-20221221-WA0015-1024x576.jpg 1024w, https:\/\/agora.xtec.cat\/escolametllers\/wp-content\/uploads\/usu1580\/2023\/01\/IMG-20221221-WA0015-300x169.jpg 300w, https:\/\/agora.xtec.cat\/escolametllers\/wp-content\/uploads\/usu1580\/2023\/01\/IMG-20221221-WA0015-768x432.jpg 768w, https:\/\/agora.xtec.cat\/escolametllers\/wp-content\/uploads\/usu1580\/2023\/01\/IMG-20221221-WA0015-1536x864.jpg 1536w, https:\/\/agora.xtec.cat\/escolametllers\/wp-content\/uploads\/usu1580\/2023\/01\/IMG-20221221-WA0015.jpg 2016w\" sizes=\"auto, (max-width: 1024px) 100vw, 1024px\" \/><\/a>A la classe del Foc volem compartir amb vosaltres totes les activitats que hem fet relacionades amb el Nadal. <\/span><\/span><\/p>\n<p class=\"western\" lang=\"ca-ES\" align=\"justify\"><span style=\"font-family: Arial, serif;\"><span style=\"font-size: large;\">Uns dies abans de comen\u00e7ar les vacances vam anar a veure la <\/span><\/span><span style=\"font-family: Arial, serif;\"><span style=\"font-size: large;\"><b>Paradeta de Santa Ll\u00facia<\/b><\/span><\/span><span style=\"font-family: Arial, serif;\"><span style=\"font-size: large;\"> que hi havia al vest\u00edbul de Prim\u00e0ria. El fet d\u2019anar-la a veure ens va fer venir ganes de fer-nos un <\/span><\/span><span style=\"font-family: Arial, serif;\"><span style=\"font-size: large;\"><b>Raconet de<\/b><\/span><\/span> <span style=\"font-family: Arial, serif;\"><span style=\"font-size: large;\"><b>Nadal <\/b><\/span><\/span><span style=\"font-family: Arial, serif;\"><span style=\"font-size: large;\">a la nostra classe. Vam posar-hi cases de suro, arbres, animals, figures de pessebre, pedres, pinyes, escorces, etc. Finalment vam fer-hi un cel ple d\u2019estrelles. Ens va quedar un <\/span><\/span><span style=\"font-family: Arial, serif;\"><span style=\"font-size: large;\"><i>minim\u00f3n<\/i><\/span><\/span><span style=\"font-family: Arial, serif;\"><span style=\"font-size: large;\"> de Nadal ben bonic!<\/span><\/span><\/p>\n<p class=\"western\" lang=\"ca-ES\" align=\"justify\"><span style=\"font-family: Arial, serif;\"><span style=\"font-size: large;\">Un altre dia vam rebre la <\/span><\/span><span style=\"font-family: Arial, serif;\"><span style=\"font-size: large;\"><b>carta del Ti\u00f3<\/b><\/span><\/span><span style=\"font-family: Arial, serif;\"><span style=\"font-size: large;\">, que ens demanava ajuda perqu\u00e8 s\u2019havia perdut a dins l\u2019escola, per la qual cosa vam sortir de la classe per buscar-lo. El vam trobar entremig de les disfresses de l\u2019Espai de Joc Simb\u00f2lic i el vam portar a la nostra classe. Despr\u00e9s de jugar-hi una mica el vam deixar al passad\u00eds i vam anar atipant-lo fins el dia 21, que el vam <\/span><\/span><span style=\"font-family: Arial, serif;\"><span style=\"font-size: large;\"><i>fer cagar<\/i><\/span><\/span><span style=\"font-family: Arial, serif;\"><span style=\"font-size: large;\">. Ens va cagar neules, torrons de xocolata i monedes!<\/span><\/span><!--more--><\/p>\n<p class=\"western\" lang=\"ca-ES\" align=\"justify\"><span style=\"font-family: Arial, serif;\"><span style=\"font-size: large;\">Uns dies abans de les vacances vam fer la <\/span><\/span><span style=\"font-family: Arial, serif;\"><span style=\"font-size: large;\"><b>Cantada de Nadales. <\/b><\/span><\/span><span style=\"font-family: Arial, serif;\"><span style=\"font-size: large;\">De fet en vam fer dues: una per a les fam\u00edlies i una per a tota l\u2019escola. <\/span><\/span><\/p>\n<p class=\"western\" lang=\"ca-ES\" align=\"justify\"><span style=\"font-family: Arial, serif;\"><span style=\"font-size: large;\">Ah! Un dia va venir a visitar-nos el <\/span><\/span><span style=\"font-family: Arial, serif;\"><span style=\"font-size: large;\"><b>Fumera,<\/b><\/span><\/span><span style=\"font-family: Arial, serif;\"><span style=\"font-size: large;\"> el patge dels Reis. El vam escoltar amb molta atenci\u00f3 i ens va agradar molt que vingu\u00e9s.<\/span><\/span><\/p>\n<p class=\"western\" lang=\"ca-ES\" align=\"justify\"><a name=\"_GoBack\"><\/a> <span style=\"font-family: Arial, serif;\"><span style=\"font-size: large;\">Finalment, en tornar a l\u2019escola el primer dia despr\u00e9s de les vacances, vam tenir una gran sorpresa. La Dolors ens va venir a dir que al pati havia vist unes petjades que anaven a parar a l\u2019aula de psicomotricitat. Classe per classe vam anar-hi i &#8230;vam trobar un munt de regals!! Cada paquet estava marcat i aix\u00ed vam saber quins eren els nostres. Vam desembolicar-los all\u00e0 mateix i arribant a la classe ja vam comen\u00e7ar a jugar-hi. Els Reis ens van portar una batedora de fusta, un joc de caf\u00e8 tamb\u00e9 de fusta, un Arc de Sant Mart\u00ed, un joc de fruites que es tallen amb un ganivet, uns cotxes petits i un joc de motricitat fina.<\/span><\/span><\/p>\n<p class=\"western\" lang=\"ca-ES\" align=\"justify\"><span style=\"font-family: Arial, serif;\"><span style=\"font-size: large;\">Aqu\u00ed us deixem les fotos de totes aquestes activitats&#8230;<\/span><\/span><\/p>\n","protected":false},"excerpt":{"rendered":"<p>A la classe del Foc volem compartir amb vosaltres totes les activitats que hem fet relacionades amb el Nadal. Uns dies abans de comen\u00e7ar les vacances vam anar a veure la Paradeta de Santa Ll\u00facia que hi havia al vest\u00edbul de Prim\u00e0ria. El fet d\u2019anar-la a veure ens va fer venir ganes de fer-nos un [&hellip;]<\/p>\n","protected":false},"author":1,"featured_media":0,"comment_status":"open","ping_status":"closed","sticky":false,"template":"","format":"standard","meta":{"_bbp_topic_count":0,"_bbp_reply_count":0,"_bbp_total_topic_count":0,"_bbp_total_reply_count":0,"_bbp_voice_count":0,"_bbp_anonymous_reply_count":0,"_bbp_topic_count_hidden":0,"_bbp_reply_count_hidden":0,"_bbp_forum_subforum_count":0,"site-sidebar-layout":"default","site-content-layout":"","ast-site-content-layout":"","site-content-style":"default","site-sidebar-style":"default","ast-global-header-display":"","ast-banner-title-visibility":"","ast-main-header-display":"","ast-hfb-above-header-display":"","ast-hfb-below-header-display":"","ast-hfb-mobile-header-display":"","site-post-title":"","ast-breadcrumbs-content":"","ast-featured-img":"","footer-sml-layout":"","theme-transparent-header-meta":"","adv-header-id-meta":"","stick-header-meta":"","header-above-stick-meta":"","header-main-stick-meta":"","header-below-stick-meta":"","astra-migrate-meta-layouts":"default","ast-page-background-enabled":"default","ast-page-background-meta":{"desktop":{"background-color":"var(--ast-global-color-4)","background-image":"","background-repeat":"repeat","background-position":"center center","background-size":"auto","background-attachment":"scroll","background-type":"","background-media":"","overlay-type":"","overlay-color":"","overlay-opacity":"","overlay-gradient":""},"tablet":{"background-color":"","background-image":"","background-repeat":"repeat","background-position":"center center","background-size":"auto","background-attachment":"scroll","background-type":"","background-media":"","overlay-type":"","overlay-color":"","overlay-opacity":"","overlay-gradient":""},"mobile":{"background-color":"","background-image":"","background-repeat":"repeat","background-position":"center center","background-size":"auto","background-attachment":"scroll","background-type":"","background-media":"","overlay-type":"","overlay-color":"","overlay-opacity":"","overlay-gradient":""}},"ast-content-background-meta":{"desktop":{"background-color":"var(--ast-global-color-5)","background-image":"","background-repeat":"repeat","background-position":"center center","background-size":"auto","background-attachment":"scroll","background-type":"","background-media":"","overlay-type":"","overlay-color":"","overlay-opacity":"","overlay-gradient":""},"tablet":{"background-color":"var(--ast-global-color-5)","background-image":"","background-repeat":"repeat","background-position":"center center","background-size":"auto","background-attachment":"scroll","background-type":"","background-media":"","overlay-type":"","overlay-color":"","overlay-opacity":"","overlay-gradient":""},"mobile":{"background-color":"var(--ast-global-color-5)","background-image":"","background-repeat":"repeat","background-position":"center center","background-size":"auto","background-attachment":"scroll","background-type":"","background-media":"","overlay-type":"","overlay-color":"","overlay-opacity":"","overlay-gradient":""}},"footnotes":""},"categories":[258,8,2],"tags":[173],"class_list":["post-10792","post","type-post","status-publish","format-standard","hentry","category-22-23","category-eic","category-infantil","tag-nadal"],"post_mailing_queue_ids":[],"_links":{"self":[{"href":"https:\/\/agora.xtec.cat\/escolametllers\/wp-json\/wp\/v2\/posts\/10792","targetHints":{"allow":["GET"]}}],"collection":[{"href":"https:\/\/agora.xtec.cat\/escolametllers\/wp-json\/wp\/v2\/posts"}],"about":[{"href":"https:\/\/agora.xtec.cat\/escolametllers\/wp-json\/wp\/v2\/types\/post"}],"author":[{"embeddable":true,"href":"https:\/\/agora.xtec.cat\/escolametllers\/wp-json\/wp\/v2\/users\/1"}],"replies":[{"embeddable":true,"href":"https:\/\/agora.xtec.cat\/escolametllers\/wp-json\/wp\/v2\/comments?post=10792"}],"version-history":[{"count":1,"href":"https:\/\/agora.xtec.cat\/escolametllers\/wp-json\/wp\/v2\/posts\/10792\/revisions"}],"predecessor-version":[{"id":10794,"href":"https:\/\/agora.xtec.cat\/escolametllers\/wp-json\/wp\/v2\/posts\/10792\/revisions\/10794"}],"wp:attachment":[{"href":"https:\/\/agora.xtec.cat\/escolametllers\/wp-json\/wp\/v2\/media?parent=10792"}],"wp:term":[{"taxonomy":"category","embeddable":true,"href":"https:\/\/agora.xtec.cat\/escolametllers\/wp-json\/wp\/v2\/categories?post=10792"},{"taxonomy":"post_tag","embeddable":true,"href":"https:\/\/agora.xtec.cat\/escolametllers\/wp-json\/wp\/v2\/tags?post=10792"}],"curies":[{"name":"wp","href":"https:\/\/api.w.org\/{rel}","templated":true}]}}