{"id":10738,"date":"2022-12-22T19:08:26","date_gmt":"2022-12-22T18:08:26","guid":{"rendered":"https:\/\/agora.xtec.cat\/escolametllers\/?p=10738"},"modified":"2022-12-22T19:09:26","modified_gmt":"2022-12-22T18:09:26","slug":"visca-les-ungles-de-colors","status":"publish","type":"post","link":"https:\/\/agora.xtec.cat\/escolametllers\/infantil\/visca-les-ungles-de-colors\/","title":{"rendered":"VISCA LES UNGLES DE COLORS"},"content":{"rendered":"<p style=\"text-align: center;\">A trav\u00e9s de l\u2019\u00e0lbum il\u00b7lustrat <strong>\u201cVisca les ungles de colors\u201d<\/strong> hem estat fent un treball molt ric de coeducaci\u00f3 a les aules d\u2019Infantil.<\/p>\n<p style=\"text-align: center;\">Hem reflexionat sobre la llibertat d\u2019elecci\u00f3 de les persones, la toler\u00e0ncia i sobre el respecte cap als altres.<\/p>\n<p style=\"text-align: center;\">Mireu quines ungles m\u00e9s boniques!!!!<\/p>\n<div class=\"adL\"><a href=\"https:\/\/photos.app.goo.gl\/Jo2ZjrE9KBCg5xPb6\"><img loading=\"lazy\" decoding=\"async\" class=\"aligncenter\" src=\"https:\/\/lh3.googleusercontent.com\/p1fVGWMFpuaWDLWAffHLknCFIhdWv2GGe0yBAHpdxEp74FZDoNuj1pXi0LGColxSXzLARVMXePNSKmZqx-2GI49m8syRJ3ArmQBxnVeRgu0CiGfRMrD--du0wuwD0TQQhk1pcEzabr0cjD2HXl2c6PDnbPnH7hzA4At2_OGB_mDXA6JfU7HunOfgEzR-zplCCM99L3m6Pm4mgaEezwP1epl80MnKHFc_jEaT8ZGOz9jmB_K-_PwZc8x1UgX0OVJAKWUQEFxxUXV2J79sqxAajj4YTFgHHfJKEzzdcPPa6ov2b0rVWgwVytd56cvhbL4QMFiIKjXypaAssin7FqdR_OGip9HNF0utnqPdVP5s7WgDkM4bEzAgEwYww1GpnO_V9oxnEXHxKx18AoKniCkTr0N3i5Nfk0KbaXN16qrR0XomeJk4bi31aL2ZgvKI7RLXxBBZN5v9pQnIH9-zb7rc4pHP6EnfZtRTQLhImZ6Atufrzv7qcOyn83A7mIFpL3M6ujG_xoQecNLKF0r-fu1q-pwcgbIZGLiV9GmVdqYaqLJuvOqLEpx1y6nfvHNe4bStw6frzL6i0WUVwD94Ch7XWSOqDJ-28NJhZY1Tc0N0lVzGGZADQhhnZvsNNOtZrm7SCIPoAO5cUjqq6p41l2yJJx3nP-q-ztsYB3GPzqGjDkNNaoqiuDD68oFSqt12sTregOWHps174ta72O9V8Oy-xnykAfPhgeGVK7tA54aDz2Y42RGDkdKToQ2E00HYGhzO6RQRzC5QqiGSiWYV_uNb-Cho1IT3rAyJ4ocCxKb1z1J4Ha_zwQCdWrGyh6Wi8OsyAwaN_wlYhKHggAwESurYGOtjcrBr3FdB5byfVK8obcTO_qgGdYMhqRDwcsetfhVMk6d8qNAs4D9Xf4o2s-BK9dNKoVYOtxFT-15Nn0wjxgIMMmsYNAaBUj6qlZj-T_OU5DT2hVl6JC_-gr4qShQs=w1024-h684-no?authuser=1\" width=\"739\" height=\"494\" \/><\/a><\/div>\n","protected":false},"excerpt":{"rendered":"<p>A trav\u00e9s de l\u2019\u00e0lbum il\u00b7lustrat \u201cVisca les ungles de colors\u201d hem estat fent un treball molt ric de coeducaci\u00f3 a les aules d\u2019Infantil. Hem reflexionat sobre la llibertat d\u2019elecci\u00f3 de les persones, la toler\u00e0ncia i sobre el respecte cap als altres. Mireu quines ungles m\u00e9s boniques!!!!<\/p>\n","protected":false},"author":46,"featured_media":0,"comment_status":"open","ping_status":"closed","sticky":false,"template":"","format":"standard","meta":{"_bbp_topic_count":0,"_bbp_reply_count":0,"_bbp_total_topic_count":0,"_bbp_total_reply_count":0,"_bbp_voice_count":0,"_bbp_anonymous_reply_count":0,"_bbp_topic_count_hidden":0,"_bbp_reply_count_hidden":0,"_bbp_forum_subforum_count":0,"site-sidebar-layout":"default","site-content-layout":"","ast-site-content-layout":"","site-content-style":"default","site-sidebar-style":"default","ast-global-header-display":"","ast-banner-title-visibility":"","ast-main-header-display":"","ast-hfb-above-header-display":"","ast-hfb-below-header-display":"","ast-hfb-mobile-header-display":"","site-post-title":"","ast-breadcrumbs-content":"","ast-featured-img":"","footer-sml-layout":"","theme-transparent-header-meta":"","adv-header-id-meta":"","stick-header-meta":"","header-above-stick-meta":"","header-main-stick-meta":"","header-below-stick-meta":"","astra-migrate-meta-layouts":"default","ast-page-background-enabled":"default","ast-page-background-meta":{"desktop":{"background-color":"var(--ast-global-color-4)","background-image":"","background-repeat":"repeat","background-position":"center center","background-size":"auto","background-attachment":"scroll","background-type":"","background-media":"","overlay-type":"","overlay-color":"","overlay-opacity":"","overlay-gradient":""},"tablet":{"background-color":"","background-image":"","background-repeat":"repeat","background-position":"center center","background-size":"auto","background-attachment":"scroll","background-type":"","background-media":"","overlay-type":"","overlay-color":"","overlay-opacity":"","overlay-gradient":""},"mobile":{"background-color":"","background-image":"","background-repeat":"repeat","background-position":"center center","background-size":"auto","background-attachment":"scroll","background-type":"","background-media":"","overlay-type":"","overlay-color":"","overlay-opacity":"","overlay-gradient":""}},"ast-content-background-meta":{"desktop":{"background-color":"var(--ast-global-color-5)","background-image":"","background-repeat":"repeat","background-position":"center center","background-size":"auto","background-attachment":"scroll","background-type":"","background-media":"","overlay-type":"","overlay-color":"","overlay-opacity":"","overlay-gradient":""},"tablet":{"background-color":"var(--ast-global-color-5)","background-image":"","background-repeat":"repeat","background-position":"center center","background-size":"auto","background-attachment":"scroll","background-type":"","background-media":"","overlay-type":"","overlay-color":"","overlay-opacity":"","overlay-gradient":""},"mobile":{"background-color":"var(--ast-global-color-5)","background-image":"","background-repeat":"repeat","background-position":"center center","background-size":"auto","background-attachment":"scroll","background-type":"","background-media":"","overlay-type":"","overlay-color":"","overlay-opacity":"","overlay-gradient":""}},"footnotes":""},"categories":[258,280,2],"tags":[297],"class_list":["post-10738","post","type-post","status-publish","format-standard","hentry","category-22-23","category-eib","category-infantil","tag-coeducacio"],"post_mailing_queue_ids":[],"_links":{"self":[{"href":"https:\/\/agora.xtec.cat\/escolametllers\/wp-json\/wp\/v2\/posts\/10738","targetHints":{"allow":["GET"]}}],"collection":[{"href":"https:\/\/agora.xtec.cat\/escolametllers\/wp-json\/wp\/v2\/posts"}],"about":[{"href":"https:\/\/agora.xtec.cat\/escolametllers\/wp-json\/wp\/v2\/types\/post"}],"author":[{"embeddable":true,"href":"https:\/\/agora.xtec.cat\/escolametllers\/wp-json\/wp\/v2\/users\/46"}],"replies":[{"embeddable":true,"href":"https:\/\/agora.xtec.cat\/escolametllers\/wp-json\/wp\/v2\/comments?post=10738"}],"version-history":[{"count":3,"href":"https:\/\/agora.xtec.cat\/escolametllers\/wp-json\/wp\/v2\/posts\/10738\/revisions"}],"predecessor-version":[{"id":10751,"href":"https:\/\/agora.xtec.cat\/escolametllers\/wp-json\/wp\/v2\/posts\/10738\/revisions\/10751"}],"wp:attachment":[{"href":"https:\/\/agora.xtec.cat\/escolametllers\/wp-json\/wp\/v2\/media?parent=10738"}],"wp:term":[{"taxonomy":"category","embeddable":true,"href":"https:\/\/agora.xtec.cat\/escolametllers\/wp-json\/wp\/v2\/categories?post=10738"},{"taxonomy":"post_tag","embeddable":true,"href":"https:\/\/agora.xtec.cat\/escolametllers\/wp-json\/wp\/v2\/tags?post=10738"}],"curies":[{"name":"wp","href":"https:\/\/api.w.org\/{rel}","templated":true}]}}