{"id":10722,"date":"2022-12-20T19:11:43","date_gmt":"2022-12-20T18:11:43","guid":{"rendered":"https:\/\/agora.xtec.cat\/escolametllers\/?p=10722"},"modified":"2023-01-08T17:13:48","modified_gmt":"2023-01-08T16:13:48","slug":"dansem-4","status":"publish","type":"post","link":"https:\/\/agora.xtec.cat\/escolametllers\/historic\/prom12b\/dansem-4\/","title":{"rendered":"DANSEM!"},"content":{"rendered":"<p><span style=\"font-weight: 400;\">Ens vam inventar la coreografia de la dansa que vam ballar per la Castanyada.<\/span><\/p>\n<p><span style=\"font-weight: 400;\">A partir de la can\u00e7\u00f3 \u201cBaixem de la muntanya\u201c vam fer un petit an\u00e0lisi de les frases i estrofes que t\u00e9 la can\u00e7\u00f3. Entre tots vam anar aportant idees de possibles moviments que creiem que podien anar b\u00e9 en funci\u00f3 de cada fragment tenint en compte les pulsacions i el comp\u00e0s de la mateixa.<\/span><\/p>\n<p><span style=\"font-weight: 400;\">Un cop varem tenir tots els moviments decidits la vam assajar diverses vegades per poder-la ballar el dia de la Castanyada davant de la resta d\u2019alumnes de l\u2019escola.<\/span><\/p>\n<p><a href=\"https:\/\/photos.app.goo.gl\/yr9fNueRMXhNrUc67\"><img loading=\"lazy\" decoding=\"async\" class=\"aligncenter\" src=\"https:\/\/lh3.googleusercontent.com\/eA7ZPecUk8lcjdRX7ABhGob-6JIJpqOMV1tgkb5UMWA7tIUmJ0oieJxiw1D6swErza2pzZwuJf1gUWocVrk1fvLz3DFc4h4HvxtPnDARJEY9EAM-bNMDpxiZcvZvWbK4OBnMHtzOeaXPbSeG46E29r-lnGkqlXgupifFzlvCLlETkqx0HhrwBZr8ciPyPjqAPkbT0oDG7hdN_vTRJ-FyXdamKhEew7pjhu3HwKgfUVjpo0E2w3sPNpVwEnc4PA07xDdL2fwvGnqtKEGYzWQMCtuXuFiLbTBndk773Q6d9r8Vd0AwfeYKkx_DQQLHCgSVykB-hLqoI4Gvv3_dvhWPykEcuBcwO5F5_696ehL3XlQqU8KBMpSj-S2ZLsOKuqIWYd3zq6sVRYxYuVSiEFU2nbHqb_2AzoHylc7hy1dxo8vojDfEPDgU6uR1LRNLsDEeeq4tnLhna_Q7kFCPzPWjnjB2EOGFfqWfB8njxWr8YLYWu8H2TyyLfJ9tA5FJnMcMnNYTbz6r12yKvIcwyqj94q0TX_Prp1Oh_64Kxs6AchlR6y6cP8-xzgzck9y44Vq16disMg8ltFy0Tithq1ZA2useAcoiomnKERpB-RAKN1gZdCTkjf5G0y8xB-GAgmGPkqnYgMbwEDG4iMIIrEs-3STtZ4_RBXg2FCIlWzvTOufqYKrDRAyEnPi57s3yusAZ1Kz3LNUs8QgdLkoDhsgwFc9cM0wa5Muu-SVLeOwJbqU6YT0AXThupy-ztJIyAupgH-FrPIvsjQJjuw2jf1mDOiAgvwOBuL8DRXQ8xRr_v2dIbeTPbDhRtXTxXUPQTECS51fIA7vLlgxYeqksjYaluyShc11XBBUc25HkIc1mLZrA6zTrfaPioaAVJC0NFYI7-uMzWbDXvpHYEAMchP7mB7D2FL5FybY6Kza1E2vq_b8Z=w1197-h896-no?authuser=0\" width=\"569\" height=\"426\" \/><\/a><\/p>\n","protected":false},"excerpt":{"rendered":"<p>Ens vam inventar la coreografia de la dansa que vam ballar per la Castanyada. A partir de la can\u00e7\u00f3 \u201cBaixem de la muntanya\u201c vam fer un petit an\u00e0lisi de les frases i estrofes que t\u00e9 la can\u00e7\u00f3. Entre tots vam anar aportant idees de possibles moviments que creiem que podien anar b\u00e9 en funci\u00f3 de [&hellip;]<\/p>\n","protected":false},"author":1,"featured_media":0,"comment_status":"open","ping_status":"closed","sticky":false,"template":"","format":"standard","meta":{"_bbp_topic_count":0,"_bbp_reply_count":0,"_bbp_total_topic_count":0,"_bbp_total_reply_count":0,"_bbp_voice_count":0,"_bbp_anonymous_reply_count":0,"_bbp_topic_count_hidden":0,"_bbp_reply_count_hidden":0,"_bbp_forum_subforum_count":0,"site-sidebar-layout":"default","site-content-layout":"","ast-site-content-layout":"","site-content-style":"default","site-sidebar-style":"default","ast-global-header-display":"","ast-banner-title-visibility":"","ast-main-header-display":"","ast-hfb-above-header-display":"","ast-hfb-below-header-display":"","ast-hfb-mobile-header-display":"","site-post-title":"","ast-breadcrumbs-content":"","ast-featured-img":"","footer-sml-layout":"","theme-transparent-header-meta":"","adv-header-id-meta":"","stick-header-meta":"","header-above-stick-meta":"","header-main-stick-meta":"","header-below-stick-meta":"","astra-migrate-meta-layouts":"default","ast-page-background-enabled":"default","ast-page-background-meta":{"desktop":{"background-color":"var(--ast-global-color-4)","background-image":"","background-repeat":"repeat","background-position":"center center","background-size":"auto","background-attachment":"scroll","background-type":"","background-media":"","overlay-type":"","overlay-color":"","overlay-opacity":"","overlay-gradient":""},"tablet":{"background-color":"","background-image":"","background-repeat":"repeat","background-position":"center center","background-size":"auto","background-attachment":"scroll","background-type":"","background-media":"","overlay-type":"","overlay-color":"","overlay-opacity":"","overlay-gradient":""},"mobile":{"background-color":"","background-image":"","background-repeat":"repeat","background-position":"center center","background-size":"auto","background-attachment":"scroll","background-type":"","background-media":"","overlay-type":"","overlay-color":"","overlay-opacity":"","overlay-gradient":""}},"ast-content-background-meta":{"desktop":{"background-color":"var(--ast-global-color-5)","background-image":"","background-repeat":"repeat","background-position":"center center","background-size":"auto","background-attachment":"scroll","background-type":"","background-media":"","overlay-type":"","overlay-color":"","overlay-opacity":"","overlay-gradient":""},"tablet":{"background-color":"var(--ast-global-color-5)","background-image":"","background-repeat":"repeat","background-position":"center center","background-size":"auto","background-attachment":"scroll","background-type":"","background-media":"","overlay-type":"","overlay-color":"","overlay-opacity":"","overlay-gradient":""},"mobile":{"background-color":"var(--ast-global-color-5)","background-image":"","background-repeat":"repeat","background-position":"center center","background-size":"auto","background-attachment":"scroll","background-type":"","background-media":"","overlay-type":"","overlay-color":"","overlay-opacity":"","overlay-gradient":""}},"footnotes":""},"categories":[258,87,76],"tags":[90],"class_list":["post-10722","post","type-post","status-publish","format-standard","hentry","category-22-23","category-musica","category-prom12b","tag-musica"],"post_mailing_queue_ids":[],"_links":{"self":[{"href":"https:\/\/agora.xtec.cat\/escolametllers\/wp-json\/wp\/v2\/posts\/10722","targetHints":{"allow":["GET"]}}],"collection":[{"href":"https:\/\/agora.xtec.cat\/escolametllers\/wp-json\/wp\/v2\/posts"}],"about":[{"href":"https:\/\/agora.xtec.cat\/escolametllers\/wp-json\/wp\/v2\/types\/post"}],"author":[{"embeddable":true,"href":"https:\/\/agora.xtec.cat\/escolametllers\/wp-json\/wp\/v2\/users\/1"}],"replies":[{"embeddable":true,"href":"https:\/\/agora.xtec.cat\/escolametllers\/wp-json\/wp\/v2\/comments?post=10722"}],"version-history":[{"count":1,"href":"https:\/\/agora.xtec.cat\/escolametllers\/wp-json\/wp\/v2\/posts\/10722\/revisions"}],"predecessor-version":[{"id":10723,"href":"https:\/\/agora.xtec.cat\/escolametllers\/wp-json\/wp\/v2\/posts\/10722\/revisions\/10723"}],"wp:attachment":[{"href":"https:\/\/agora.xtec.cat\/escolametllers\/wp-json\/wp\/v2\/media?parent=10722"}],"wp:term":[{"taxonomy":"category","embeddable":true,"href":"https:\/\/agora.xtec.cat\/escolametllers\/wp-json\/wp\/v2\/categories?post=10722"},{"taxonomy":"post_tag","embeddable":true,"href":"https:\/\/agora.xtec.cat\/escolametllers\/wp-json\/wp\/v2\/tags?post=10722"}],"curies":[{"name":"wp","href":"https:\/\/api.w.org\/{rel}","templated":true}]}}