{"id":10689,"date":"2022-12-18T19:15:33","date_gmt":"2022-12-18T18:15:33","guid":{"rendered":"https:\/\/agora.xtec.cat\/escolametllers\/?p=10689"},"modified":"2023-02-16T17:49:01","modified_gmt":"2023-02-16T16:49:01","slug":"en-nostre-projecte-segueix-avancant","status":"publish","type":"post","link":"https:\/\/agora.xtec.cat\/escolametllers\/infantil\/en-nostre-projecte-segueix-avancant\/","title":{"rendered":"EL NOSTRE PROJECTE SEGUEIX AVAN\u00c7ANT&#8230;"},"content":{"rendered":"<p>Despr\u00e9s de tenir cura de les nostres plantes i a les poques setmanes de plantar-les&#8230; van comen\u00e7ar a cr\u00e9ixer.<\/p>\n<p>Vet a aqu\u00ed la nostra sorpresa!!&#8230;han crescut als 3 tipus de s\u00f2ls! La major part del grup no creia que les llavors creixerien en la sorra de platja, per\u00f2 no ha estat aix\u00ed. Les 3 terres tenen els suficients nutrients perqu\u00e8 creixin les llavors &#8220;d&#8217;herba de gat&#8221;.<\/p>\n<p>Entre tots\/es arribem a la conclusi\u00f3 que les plantes necessiten <strong>AIGUA i LLUM <\/strong>per cr\u00e9ixer. Per\u00f2&#8230; i si no tinguessin ni llum ni aigua?. Sorgeix llavors una nova pregunta repte: <strong>&#8220;SENSE LLUM NI AIGUA QU\u00c8 LI PASSARIA A LES NOSTRES PLANTES?&#8221;<\/strong><\/p>\n<p>Ens decidim a comprovar-ho tot plantant novament les herbes en els 3 tipus de s\u00f2ls. Aquesta vegada ben tancades dins una caixa per evitar que li entri la llum i sense regar-les.<\/p>\n<p>Despr\u00e9s de les nostres vacances de nadal obrirem la caixa i veure&#8217;m <strong>&#8220;QU\u00c8 HA PASSAT?&#8221;<\/strong><\/p>\n<p><em><strong>QUINA SORPRESA ENS ESPERAR\u00c0????<\/strong><\/em><\/p>\n<p>&nbsp;<\/p>\n<p><a href=\"https:\/\/photos.app.goo.gl\/U6YgZMQMH5rYy4gV7\"><img loading=\"lazy\" decoding=\"async\" class=\"aligncenter\" src=\"https:\/\/lh3.googleusercontent.com\/pw\/AMWts8BCWpVv0-BYrTyIoKaMWk_slbHKWjyJk-Exx35BPbAkj2FHLdNJHH7_p7KyIUVOmOJVcTnMBlIZQ8va-lFDXkVecrOVhZQNHV98ViaAFz4_hmDpn3OOeTxDd9Snw7EzuWPY3EIFWOXBfnZWVhW6DeIJ=w1104-h828-no?authuser=1\" width=\"763\" height=\"572\" \/><\/a><\/p>\n<p>&nbsp;<\/p>\n<p>&nbsp;<\/p>\n","protected":false},"excerpt":{"rendered":"<p>Despr\u00e9s de tenir cura de les nostres plantes i a les poques setmanes de plantar-les&#8230; van comen\u00e7ar a cr\u00e9ixer. Vet a aqu\u00ed la nostra sorpresa!!&#8230;han crescut als 3 tipus de s\u00f2ls! La major part del grup no creia que les llavors creixerien en la sorra de platja, per\u00f2 no ha estat aix\u00ed. Les 3 terres [&hellip;]<\/p>\n","protected":false},"author":46,"featured_media":0,"comment_status":"open","ping_status":"closed","sticky":false,"template":"","format":"standard","meta":{"_bbp_topic_count":0,"_bbp_reply_count":0,"_bbp_total_topic_count":0,"_bbp_total_reply_count":0,"_bbp_voice_count":0,"_bbp_anonymous_reply_count":0,"_bbp_topic_count_hidden":0,"_bbp_reply_count_hidden":0,"_bbp_forum_subforum_count":0,"site-sidebar-layout":"default","site-content-layout":"","ast-site-content-layout":"","site-content-style":"default","site-sidebar-style":"default","ast-global-header-display":"","ast-banner-title-visibility":"","ast-main-header-display":"","ast-hfb-above-header-display":"","ast-hfb-below-header-display":"","ast-hfb-mobile-header-display":"","site-post-title":"","ast-breadcrumbs-content":"","ast-featured-img":"","footer-sml-layout":"","theme-transparent-header-meta":"","adv-header-id-meta":"","stick-header-meta":"","header-above-stick-meta":"","header-main-stick-meta":"","header-below-stick-meta":"","astra-migrate-meta-layouts":"default","ast-page-background-enabled":"default","ast-page-background-meta":{"desktop":{"background-color":"var(--ast-global-color-4)","background-image":"","background-repeat":"repeat","background-position":"center center","background-size":"auto","background-attachment":"scroll","background-type":"","background-media":"","overlay-type":"","overlay-color":"","overlay-opacity":"","overlay-gradient":""},"tablet":{"background-color":"","background-image":"","background-repeat":"repeat","background-position":"center center","background-size":"auto","background-attachment":"scroll","background-type":"","background-media":"","overlay-type":"","overlay-color":"","overlay-opacity":"","overlay-gradient":""},"mobile":{"background-color":"","background-image":"","background-repeat":"repeat","background-position":"center center","background-size":"auto","background-attachment":"scroll","background-type":"","background-media":"","overlay-type":"","overlay-color":"","overlay-opacity":"","overlay-gradient":""}},"ast-content-background-meta":{"desktop":{"background-color":"var(--ast-global-color-5)","background-image":"","background-repeat":"repeat","background-position":"center center","background-size":"auto","background-attachment":"scroll","background-type":"","background-media":"","overlay-type":"","overlay-color":"","overlay-opacity":"","overlay-gradient":""},"tablet":{"background-color":"var(--ast-global-color-5)","background-image":"","background-repeat":"repeat","background-position":"center center","background-size":"auto","background-attachment":"scroll","background-type":"","background-media":"","overlay-type":"","overlay-color":"","overlay-opacity":"","overlay-gradient":""},"mobile":{"background-color":"var(--ast-global-color-5)","background-image":"","background-repeat":"repeat","background-position":"center center","background-size":"auto","background-attachment":"scroll","background-type":"","background-media":"","overlay-type":"","overlay-color":"","overlay-opacity":"","overlay-gradient":""}},"footnotes":""},"categories":[258,280,2],"tags":[204],"class_list":["post-10689","post","type-post","status-publish","format-standard","hentry","category-22-23","category-eib","category-infantil","tag-projectes"],"post_mailing_queue_ids":[],"_links":{"self":[{"href":"https:\/\/agora.xtec.cat\/escolametllers\/wp-json\/wp\/v2\/posts\/10689","targetHints":{"allow":["GET"]}}],"collection":[{"href":"https:\/\/agora.xtec.cat\/escolametllers\/wp-json\/wp\/v2\/posts"}],"about":[{"href":"https:\/\/agora.xtec.cat\/escolametllers\/wp-json\/wp\/v2\/types\/post"}],"author":[{"embeddable":true,"href":"https:\/\/agora.xtec.cat\/escolametllers\/wp-json\/wp\/v2\/users\/46"}],"replies":[{"embeddable":true,"href":"https:\/\/agora.xtec.cat\/escolametllers\/wp-json\/wp\/v2\/comments?post=10689"}],"version-history":[{"count":3,"href":"https:\/\/agora.xtec.cat\/escolametllers\/wp-json\/wp\/v2\/posts\/10689\/revisions"}],"predecessor-version":[{"id":10965,"href":"https:\/\/agora.xtec.cat\/escolametllers\/wp-json\/wp\/v2\/posts\/10689\/revisions\/10965"}],"wp:attachment":[{"href":"https:\/\/agora.xtec.cat\/escolametllers\/wp-json\/wp\/v2\/media?parent=10689"}],"wp:term":[{"taxonomy":"category","embeddable":true,"href":"https:\/\/agora.xtec.cat\/escolametllers\/wp-json\/wp\/v2\/categories?post=10689"},{"taxonomy":"post_tag","embeddable":true,"href":"https:\/\/agora.xtec.cat\/escolametllers\/wp-json\/wp\/v2\/tags?post=10689"}],"curies":[{"name":"wp","href":"https:\/\/api.w.org\/{rel}","templated":true}]}}