{"id":10636,"date":"2023-06-29T12:00:39","date_gmt":"2023-06-29T10:00:39","guid":{"rendered":"https:\/\/agora.xtec.cat\/escolametllers\/?p=10636"},"modified":"2023-10-04T15:14:57","modified_gmt":"2023-10-04T13:14:57","slug":"__trashed-4","status":"publish","type":"post","link":"https:\/\/agora.xtec.cat\/escolametllers\/infantil\/__trashed-4\/","title":{"rendered":"PADRINS DE LECTURA"},"content":{"rendered":"<p>Els alumnes d&#8217;EI3-EI4 hem gaudit d&#8217;una experi\u00e8ncia molt bonica conjuntament amb els nens i nenes de 3r A i B. Ha estat una activitat molt enriquidora on els nens i nenes de prim\u00e0ria han apadrinat als m\u00e9s petits, junts hem compartit una estona de lectura plegats. Aqu\u00ed teniu un tastet fotogr\u00e0fic&#8230;<\/p>\n<p><a href=\"https:\/\/photos.app.goo.gl\/9WzeLB1c22E5Kx5e7\"><img loading=\"lazy\" decoding=\"async\" class=\"aligncenter\" src=\"https:\/\/lh3.googleusercontent.com\/igvObBzAS3QGDzt6UO2tGftK0C3z4sMuJs-xZDITELi5mdzJFDPaS2fkRMoGS2wnM78IpRY-hHFkaMK8F5YtinNg2zUzjo43V8609457T2lhhFa-6BnwOqmJ6gQFquKSGYX9cF3wOqisLCLJxf4if7QmrZfcxJs-yQigTheLhj2Yofv-q0KvjKos_HfU2ZHVQVCmZiOe-f5mtg21yTDMA_Q2OpRgqrfhw1Q8sB6BFD0xBfIEogL0mzzWW3ZXdwxffSjtMG3Rw9LcaNZT3bk60-OK3a0jBmrg0bG292MI-QcDj4zjawnfdWKq0mm6vHmftJnTZE0trDqMLP_RRtTxfWK8UrgbMp6_LZwMemCB4lLchaVQXfRSOMFVwWLLgYAw4hBf8Z8uaujuasd_HsDRdBXKmop-2GAp5cKtuSOdgvhNgVs_syQlztnMIj_Sxelh5kjyY6gUc_MOr50dKNkRfZLcdIGsK1HvH6jYLns90XOVupjoM6Tji003gR4CAVfIWr_YV_Q4lG771O_CC9pePWj9gbeE-vBdvVmUUCwS64NnKD6CccghgwFwYgUdERYy4IKszizBFUPuVRGO5Wyc9XF60aELkKPgvoIF-SZ1nSKSx1EyRhmDEQX6zP40I6vBUD19RnGROyW-0JSmxgnQOBvuOz1ol8nYMpid9XFyxkBG4CgQyx1l9p5uBMKP4KIwPWoOFTTQlF5S-wmKHk8JPqPWoXgeG5LCLrHJezf-CxxDDk9hwQ1Ezdj2sRNTaoDYZbCPmPBgAyQPlvdSgcpe1BZP3KqI8Qjc3DIgnQJ7JUgXTD8iAbwk0T9WRQcdMhz07ISz-bLDuVa6ntfT-Z_AuAK-BiA0AEYSpfLcWWUps5w1bP5369krBQQNSP6ZFOk9GqiQy2Kaavu3QN4wZPo6HOsRlkiEH2h0aPF51VeBgJ_CkM0ErsTj8g8KCLxRwuTmtAclya4qZBl1Wv3jDuq0Rw=w1088-h816-s-no?authuser=1\" width=\"615\" height=\"461\" \/><\/a><\/p>\n","protected":false},"excerpt":{"rendered":"<p>Els alumnes d&#8217;EI3-EI4 hem gaudit d&#8217;una experi\u00e8ncia molt bonica conjuntament amb els nens i nenes de 3r A i B. Ha estat una activitat molt enriquidora on els nens i nenes de prim\u00e0ria han apadrinat als m\u00e9s petits, junts hem compartit una estona de lectura plegats. Aqu\u00ed teniu un tastet fotogr\u00e0fic&#8230;<\/p>\n","protected":false},"author":46,"featured_media":0,"comment_status":"open","ping_status":"closed","sticky":false,"template":"","format":"standard","meta":{"_bbp_topic_count":0,"_bbp_reply_count":0,"_bbp_total_topic_count":0,"_bbp_total_reply_count":0,"_bbp_voice_count":0,"_bbp_anonymous_reply_count":0,"_bbp_topic_count_hidden":0,"_bbp_reply_count_hidden":0,"_bbp_forum_subforum_count":0,"site-sidebar-layout":"default","site-content-layout":"","ast-site-content-layout":"","site-content-style":"default","site-sidebar-style":"default","ast-global-header-display":"","ast-banner-title-visibility":"","ast-main-header-display":"","ast-hfb-above-header-display":"","ast-hfb-below-header-display":"","ast-hfb-mobile-header-display":"","site-post-title":"","ast-breadcrumbs-content":"","ast-featured-img":"","footer-sml-layout":"","theme-transparent-header-meta":"","adv-header-id-meta":"","stick-header-meta":"","header-above-stick-meta":"","header-main-stick-meta":"","header-below-stick-meta":"","astra-migrate-meta-layouts":"default","ast-page-background-enabled":"default","ast-page-background-meta":{"desktop":{"background-color":"var(--ast-global-color-4)","background-image":"","background-repeat":"repeat","background-position":"center center","background-size":"auto","background-attachment":"scroll","background-type":"","background-media":"","overlay-type":"","overlay-color":"","overlay-opacity":"","overlay-gradient":""},"tablet":{"background-color":"","background-image":"","background-repeat":"repeat","background-position":"center center","background-size":"auto","background-attachment":"scroll","background-type":"","background-media":"","overlay-type":"","overlay-color":"","overlay-opacity":"","overlay-gradient":""},"mobile":{"background-color":"","background-image":"","background-repeat":"repeat","background-position":"center center","background-size":"auto","background-attachment":"scroll","background-type":"","background-media":"","overlay-type":"","overlay-color":"","overlay-opacity":"","overlay-gradient":""}},"ast-content-background-meta":{"desktop":{"background-color":"var(--ast-global-color-5)","background-image":"","background-repeat":"repeat","background-position":"center center","background-size":"auto","background-attachment":"scroll","background-type":"","background-media":"","overlay-type":"","overlay-color":"","overlay-opacity":"","overlay-gradient":""},"tablet":{"background-color":"var(--ast-global-color-5)","background-image":"","background-repeat":"repeat","background-position":"center center","background-size":"auto","background-attachment":"scroll","background-type":"","background-media":"","overlay-type":"","overlay-color":"","overlay-opacity":"","overlay-gradient":""},"mobile":{"background-color":"var(--ast-global-color-5)","background-image":"","background-repeat":"repeat","background-position":"center center","background-size":"auto","background-attachment":"scroll","background-type":"","background-media":"","overlay-type":"","overlay-color":"","overlay-opacity":"","overlay-gradient":""}},"footnotes":""},"categories":[258,279,280,8,2,11,74],"tags":[303],"class_list":["post-10636","post","type-post","status-publish","format-standard","hentry","category-22-23","category-eia","category-eib","category-eic","category-infantil","category-prom14a","category-prom14b","tag-lectura"],"post_mailing_queue_ids":[],"_links":{"self":[{"href":"https:\/\/agora.xtec.cat\/escolametllers\/wp-json\/wp\/v2\/posts\/10636","targetHints":{"allow":["GET"]}}],"collection":[{"href":"https:\/\/agora.xtec.cat\/escolametllers\/wp-json\/wp\/v2\/posts"}],"about":[{"href":"https:\/\/agora.xtec.cat\/escolametllers\/wp-json\/wp\/v2\/types\/post"}],"author":[{"embeddable":true,"href":"https:\/\/agora.xtec.cat\/escolametllers\/wp-json\/wp\/v2\/users\/46"}],"replies":[{"embeddable":true,"href":"https:\/\/agora.xtec.cat\/escolametllers\/wp-json\/wp\/v2\/comments?post=10636"}],"version-history":[{"count":4,"href":"https:\/\/agora.xtec.cat\/escolametllers\/wp-json\/wp\/v2\/posts\/10636\/revisions"}],"predecessor-version":[{"id":11969,"href":"https:\/\/agora.xtec.cat\/escolametllers\/wp-json\/wp\/v2\/posts\/10636\/revisions\/11969"}],"wp:attachment":[{"href":"https:\/\/agora.xtec.cat\/escolametllers\/wp-json\/wp\/v2\/media?parent=10636"}],"wp:term":[{"taxonomy":"category","embeddable":true,"href":"https:\/\/agora.xtec.cat\/escolametllers\/wp-json\/wp\/v2\/categories?post=10636"},{"taxonomy":"post_tag","embeddable":true,"href":"https:\/\/agora.xtec.cat\/escolametllers\/wp-json\/wp\/v2\/tags?post=10636"}],"curies":[{"name":"wp","href":"https:\/\/api.w.org\/{rel}","templated":true}]}}