{"id":10608,"date":"2022-12-05T16:33:35","date_gmt":"2022-12-05T15:33:35","guid":{"rendered":"https:\/\/agora.xtec.cat\/escolametllers\/?p=10608"},"modified":"2022-12-05T16:47:12","modified_gmt":"2022-12-05T15:47:12","slug":"el-nostre-projecte","status":"publish","type":"post","link":"https:\/\/agora.xtec.cat\/escolametllers\/infantil\/el-nostre-projecte\/","title":{"rendered":"EL NOSTRE PROJECTE"},"content":{"rendered":"<p class=\"western\" lang=\"ca-ES\"><a href=\"https:\/\/photos.app.goo.gl\/SGzEPpsVvWvhWUAG6\"><span style=\"font-family: Arial, serif;\"><span style=\"font-size: large;\"><img loading=\"lazy\" decoding=\"async\" class=\"alignnone size-large wp-image-10611\" src=\"https:\/\/agora.xtec.cat\/escolametllers\/wp-content\/uploads\/usu1580\/2022\/12\/WhatsApp-Image-2022-12-05-at-16.31.23-1024x768.jpeg\" alt=\"\" width=\"1024\" height=\"768\" srcset=\"https:\/\/agora.xtec.cat\/escolametllers\/wp-content\/uploads\/usu1580\/2022\/12\/WhatsApp-Image-2022-12-05-at-16.31.23-1024x768.jpeg 1024w, https:\/\/agora.xtec.cat\/escolametllers\/wp-content\/uploads\/usu1580\/2022\/12\/WhatsApp-Image-2022-12-05-at-16.31.23-300x225.jpeg 300w, https:\/\/agora.xtec.cat\/escolametllers\/wp-content\/uploads\/usu1580\/2022\/12\/WhatsApp-Image-2022-12-05-at-16.31.23-768x576.jpeg 768w, https:\/\/agora.xtec.cat\/escolametllers\/wp-content\/uploads\/usu1580\/2022\/12\/WhatsApp-Image-2022-12-05-at-16.31.23-1536x1152.jpeg 1536w, https:\/\/agora.xtec.cat\/escolametllers\/wp-content\/uploads\/usu1580\/2022\/12\/WhatsApp-Image-2022-12-05-at-16.31.23-200x150.jpeg 200w, https:\/\/agora.xtec.cat\/escolametllers\/wp-content\/uploads\/usu1580\/2022\/12\/WhatsApp-Image-2022-12-05-at-16.31.23.jpeg 1600w\" sizes=\"auto, (max-width: 1024px) 100vw, 1024px\" \/><\/span><\/span><\/a><\/p>\n<p class=\"western\" lang=\"ca-ES\" style=\"text-align: justify;\"><span style=\"font-family: Arial, serif;\"><span style=\"font-size: large;\">Ja fa unes quantes setmanes que vam iniciar el projecte relacionat amb el nom de la nostra classe (EL FOC). A partir de moltes converses ens va sorgir la pregunta-repte:<\/span><\/span><\/p>\n<p class=\"western\" lang=\"ca-ES\" style=\"text-align: justify;\">\u201c<span style=\"font-family: Arial, serif;\"><span style=\"font-size: large;\"><b>QU\u00c8 PASSA SI UN BOSC ES CREMA?\u201d<\/b><\/span><\/span><\/p>\n<p class=\"western\" lang=\"ca-ES\" style=\"text-align: justify;\"><span style=\"font-family: Arial, serif;\"><span style=\"font-size: large;\">Des del primer moment ens vam interessar molt per tot all\u00f2 relacionat amb el tema del foc i van comen\u00e7ar a sorgir algunes preguntes que hem anat posant a la <\/span><\/span><span style=\"font-family: Arial, serif;\"><span style=\"font-size: large;\"><i><b>xarxa de relacions<\/b><\/i><\/span><\/span><span style=\"font-family: Arial, serif;\"><span style=\"font-size: large;\"> que tenim penjada a la classe:<\/span><\/span><!--more--><\/p>\n<ul style=\"text-align: justify;\">\n<li>\n<p lang=\"ca-ES\"><span style=\"font-family: Arial, serif;\"><span style=\"font-size: large;\">COM \u00c9S EL FOC? (el vam dibuixar individualment i, a m\u00e9s, vam fer un mural de manera col.lectiva)<\/span><\/span><\/p>\n<\/li>\n<li>\n<p lang=\"ca-ES\"><span style=\"font-family: Arial, serif;\"><span style=\"font-size: large;\">ON PODEM VEURE FOC?<\/span><\/span><\/p>\n<\/li>\n<li>\n<p lang=\"ca-ES\"><span style=\"font-family: Arial, serif;\"><span style=\"font-size: large;\">COM ES POT APAGAR?<\/span><\/span><\/p>\n<\/li>\n<li>\n<p lang=\"ca-ES\"><span style=\"font-family: Arial, serif;\"><span style=\"font-size: large;\">QUAN FEM SERVIR EL FOC?<\/span><\/span><\/p>\n<\/li>\n<li>\n<p lang=\"ca-ES\"><span style=\"font-family: Arial, serif;\"><span style=\"font-size: large;\">EL FOC \u00c9S UN PERILL?<\/span><\/span><\/p>\n<\/li>\n<li>\n<p lang=\"ca-ES\"><span style=\"font-family: Arial, serif;\"><span style=\"font-size: large;\">&#8230;<\/span><\/span><\/p>\n<\/li>\n<\/ul>\n<p class=\"western\" lang=\"ca-ES\" style=\"text-align: justify;\"><span style=\"font-family: Arial, serif;\"><span style=\"font-size: large;\">Mica en mica anem omplint la xarxa amb fotografies que ens ajuden a ordenar les idees i les descobertes que anem fent. A m\u00e9s tamb\u00e9 hi enganxem fotografies dels experiments que portem a terme a l\u2019aula, experiments que ens ajuden a comprovar si les hip\u00f2tesis que hav\u00edem pensat s\u2019han acabat complint o no.<\/span><\/span><\/p>\n<p class=\"western\" lang=\"ca-ES\" style=\"text-align: justify;\"><span style=\"font-family: Arial, serif;\"><span style=\"font-size: large;\">Un dia vam parlar de com podem encendre un foc. Tots coneix\u00edem els encenedors per\u00f2 molt pocs sab\u00edem qu\u00e8 eren els <\/span><\/span><span style=\"font-family: Arial, serif;\"><span style=\"font-size: large;\"><i>llumins. <\/i><\/span><\/span><span style=\"font-family: Arial, serif;\"><span style=\"font-size: large;\">Ens va agradar veure com s\u2019encenen i la <\/span><\/span><span style=\"font-family: Arial, serif;\"><span style=\"font-size: large;\"><i>xispa<\/i><\/span><\/span><span style=\"font-family: Arial, serif;\"><span style=\"font-size: large;\"> que fan.<\/span><\/span><\/p>\n<p class=\"western\" lang=\"ca-ES\" style=\"text-align: justify;\"><span style=\"font-family: Arial, serif;\"><span style=\"font-size: large;\">Un altre dia vam voler comprovar com es podia apagar una espelma i vam descobrir que la pod\u00edem apagar de tres maneres diferents: bufant, amb aigua o tapant l\u2019espelma amb un got. Per\u00f2, quan un foc \u00e9s molt gran, com els incendis del bosc, tamb\u00e9 es pot apagar d\u2019aquestes tres maneres?<\/span><\/span><\/p>\n<p class=\"western\" lang=\"ca-ES\" style=\"text-align: justify;\"><span style=\"font-family: Arial, serif;\"><span style=\"font-size: large;\">Seguirem investigant!<\/span><\/span><\/p>\n<p class=\"western\" lang=\"ca-ES\" style=\"text-align: justify;\"><a name=\"_GoBack\"><\/a> <span style=\"font-family: Arial, serif;\"><span style=\"font-size: large;\">De moment us deixem aqu\u00ed unes quantes fotografies de diferents moments en qu\u00e8 hem estat treballant el projecte.<\/span><\/span><\/p>\n<p class=\"western\" lang=\"ca-ES\">\n","protected":false},"excerpt":{"rendered":"<p>Ja fa unes quantes setmanes que vam iniciar el projecte relacionat amb el nom de la nostra classe (EL FOC). A partir de moltes converses ens va sorgir la pregunta-repte: \u201cQU\u00c8 PASSA SI UN BOSC ES CREMA?\u201d Des del primer moment ens vam interessar molt per tot all\u00f2 relacionat amb el tema del foc i [&hellip;]<\/p>\n","protected":false},"author":1,"featured_media":0,"comment_status":"open","ping_status":"closed","sticky":false,"template":"","format":"standard","meta":{"_bbp_topic_count":0,"_bbp_reply_count":0,"_bbp_total_topic_count":0,"_bbp_total_reply_count":0,"_bbp_voice_count":0,"_bbp_anonymous_reply_count":0,"_bbp_topic_count_hidden":0,"_bbp_reply_count_hidden":0,"_bbp_forum_subforum_count":0,"site-sidebar-layout":"default","site-content-layout":"","ast-site-content-layout":"","site-content-style":"default","site-sidebar-style":"default","ast-global-header-display":"","ast-banner-title-visibility":"","ast-main-header-display":"","ast-hfb-above-header-display":"","ast-hfb-below-header-display":"","ast-hfb-mobile-header-display":"","site-post-title":"","ast-breadcrumbs-content":"","ast-featured-img":"","footer-sml-layout":"","theme-transparent-header-meta":"","adv-header-id-meta":"","stick-header-meta":"","header-above-stick-meta":"","header-main-stick-meta":"","header-below-stick-meta":"","astra-migrate-meta-layouts":"default","ast-page-background-enabled":"default","ast-page-background-meta":{"desktop":{"background-color":"var(--ast-global-color-4)","background-image":"","background-repeat":"repeat","background-position":"center center","background-size":"auto","background-attachment":"scroll","background-type":"","background-media":"","overlay-type":"","overlay-color":"","overlay-opacity":"","overlay-gradient":""},"tablet":{"background-color":"","background-image":"","background-repeat":"repeat","background-position":"center center","background-size":"auto","background-attachment":"scroll","background-type":"","background-media":"","overlay-type":"","overlay-color":"","overlay-opacity":"","overlay-gradient":""},"mobile":{"background-color":"","background-image":"","background-repeat":"repeat","background-position":"center center","background-size":"auto","background-attachment":"scroll","background-type":"","background-media":"","overlay-type":"","overlay-color":"","overlay-opacity":"","overlay-gradient":""}},"ast-content-background-meta":{"desktop":{"background-color":"var(--ast-global-color-5)","background-image":"","background-repeat":"repeat","background-position":"center center","background-size":"auto","background-attachment":"scroll","background-type":"","background-media":"","overlay-type":"","overlay-color":"","overlay-opacity":"","overlay-gradient":""},"tablet":{"background-color":"var(--ast-global-color-5)","background-image":"","background-repeat":"repeat","background-position":"center center","background-size":"auto","background-attachment":"scroll","background-type":"","background-media":"","overlay-type":"","overlay-color":"","overlay-opacity":"","overlay-gradient":""},"mobile":{"background-color":"var(--ast-global-color-5)","background-image":"","background-repeat":"repeat","background-position":"center center","background-size":"auto","background-attachment":"scroll","background-type":"","background-media":"","overlay-type":"","overlay-color":"","overlay-opacity":"","overlay-gradient":""}},"footnotes":""},"categories":[258,8,2],"tags":[204],"class_list":["post-10608","post","type-post","status-publish","format-standard","hentry","category-22-23","category-eic","category-infantil","tag-projectes"],"post_mailing_queue_ids":[],"_links":{"self":[{"href":"https:\/\/agora.xtec.cat\/escolametllers\/wp-json\/wp\/v2\/posts\/10608","targetHints":{"allow":["GET"]}}],"collection":[{"href":"https:\/\/agora.xtec.cat\/escolametllers\/wp-json\/wp\/v2\/posts"}],"about":[{"href":"https:\/\/agora.xtec.cat\/escolametllers\/wp-json\/wp\/v2\/types\/post"}],"author":[{"embeddable":true,"href":"https:\/\/agora.xtec.cat\/escolametllers\/wp-json\/wp\/v2\/users\/1"}],"replies":[{"embeddable":true,"href":"https:\/\/agora.xtec.cat\/escolametllers\/wp-json\/wp\/v2\/comments?post=10608"}],"version-history":[{"count":3,"href":"https:\/\/agora.xtec.cat\/escolametllers\/wp-json\/wp\/v2\/posts\/10608\/revisions"}],"predecessor-version":[{"id":10618,"href":"https:\/\/agora.xtec.cat\/escolametllers\/wp-json\/wp\/v2\/posts\/10608\/revisions\/10618"}],"wp:attachment":[{"href":"https:\/\/agora.xtec.cat\/escolametllers\/wp-json\/wp\/v2\/media?parent=10608"}],"wp:term":[{"taxonomy":"category","embeddable":true,"href":"https:\/\/agora.xtec.cat\/escolametllers\/wp-json\/wp\/v2\/categories?post=10608"},{"taxonomy":"post_tag","embeddable":true,"href":"https:\/\/agora.xtec.cat\/escolametllers\/wp-json\/wp\/v2\/tags?post=10608"}],"curies":[{"name":"wp","href":"https:\/\/api.w.org\/{rel}","templated":true}]}}