{"id":10590,"date":"2022-12-03T11:22:19","date_gmt":"2022-12-03T10:22:19","guid":{"rendered":"https:\/\/agora.xtec.cat\/escolametllers\/?p=10590"},"modified":"2022-12-21T11:06:17","modified_gmt":"2022-12-21T10:06:17","slug":"taller-de-percussio-corporal","status":"publish","type":"post","link":"https:\/\/agora.xtec.cat\/escolametllers\/primaria\/taller-de-percussio-corporal\/","title":{"rendered":"TALLER DE PERCUSSI\u00d3 CORPORAL"},"content":{"rendered":"<p><em><strong>TALLER DE PERCUSSI\u00d3 CORPORAL<\/strong><\/em><\/p>\n<p>L&#8217;alumnat de la classe dels Volcans ha gaudit aquesta setmana del taller de percussi\u00f3 corporal amb l&#8217;Anna.<\/p>\n<p>Amb la percussi\u00f3 corporal hem creat ritmes i sons utilitzant, nom\u00e9s, les nostres parts del cos (al final de la sessi\u00f3 hem utilitzat uns tubs molt divertits que es diuen BOOMWACHERS) . Amb la percussi\u00f3 corporal es desenvolupen la coordinaci\u00f3 motora, la mem\u00f2ria&#8230;, millora el pensament i la concentraci\u00f3 i tamb\u00e9 ajuda a la creativitat y el sentit r\u00edtmic.<\/p>\n<p>Hem passat una bona estona!!<\/p>\n<p><a href=\"https:\/\/photos.app.goo.gl\/wfWc42X461gEDvnMA\"><img loading=\"lazy\" decoding=\"async\" class=\"aligncenter wp-image-10595\" src=\"https:\/\/agora.xtec.cat\/escolametllers\/wp-content\/uploads\/usu1580\/2022\/12\/IMG_20221201_110036-2-1024x1024.jpg\" alt=\"\" width=\"842\" height=\"842\" srcset=\"https:\/\/agora.xtec.cat\/escolametllers\/wp-content\/uploads\/usu1580\/2022\/12\/IMG_20221201_110036-2-1024x1024.jpg 1024w, https:\/\/agora.xtec.cat\/escolametllers\/wp-content\/uploads\/usu1580\/2022\/12\/IMG_20221201_110036-2-300x300.jpg 300w, https:\/\/agora.xtec.cat\/escolametllers\/wp-content\/uploads\/usu1580\/2022\/12\/IMG_20221201_110036-2-150x150.jpg 150w, https:\/\/agora.xtec.cat\/escolametllers\/wp-content\/uploads\/usu1580\/2022\/12\/IMG_20221201_110036-2-768x768.jpg 768w, https:\/\/agora.xtec.cat\/escolametllers\/wp-content\/uploads\/usu1580\/2022\/12\/IMG_20221201_110036-2-1536x1536.jpg 1536w, https:\/\/agora.xtec.cat\/escolametllers\/wp-content\/uploads\/usu1580\/2022\/12\/IMG_20221201_110036-2-2048x2048.jpg 2048w\" sizes=\"auto, (max-width: 842px) 100vw, 842px\" \/><\/a><\/p>\n<p>&nbsp;<\/p>\n<p>&nbsp;<\/p>\n","protected":false},"excerpt":{"rendered":"<p>TALLER DE PERCUSSI\u00d3 CORPORAL L&#8217;alumnat de la classe dels Volcans ha gaudit aquesta setmana del taller de percussi\u00f3 corporal amb l&#8217;Anna. Amb la percussi\u00f3 corporal hem creat ritmes i sons utilitzant, nom\u00e9s, les nostres parts del cos (al final de la sessi\u00f3 hem utilitzat uns tubs molt divertits que es diuen BOOMWACHERS) . Amb la [&hellip;]<\/p>\n","protected":false},"author":61,"featured_media":0,"comment_status":"closed","ping_status":"closed","sticky":false,"template":"","format":"standard","meta":{"_bbp_topic_count":0,"_bbp_reply_count":0,"_bbp_total_topic_count":0,"_bbp_total_reply_count":0,"_bbp_voice_count":0,"_bbp_anonymous_reply_count":0,"_bbp_topic_count_hidden":0,"_bbp_reply_count_hidden":0,"_bbp_forum_subforum_count":0,"site-sidebar-layout":"default","site-content-layout":"","ast-site-content-layout":"","site-content-style":"default","site-sidebar-style":"default","ast-global-header-display":"","ast-banner-title-visibility":"","ast-main-header-display":"","ast-hfb-above-header-display":"","ast-hfb-below-header-display":"","ast-hfb-mobile-header-display":"","site-post-title":"","ast-breadcrumbs-content":"","ast-featured-img":"","footer-sml-layout":"","theme-transparent-header-meta":"","adv-header-id-meta":"","stick-header-meta":"","header-above-stick-meta":"","header-main-stick-meta":"","header-below-stick-meta":"","astra-migrate-meta-layouts":"default","ast-page-background-enabled":"default","ast-page-background-meta":{"desktop":{"background-color":"var(--ast-global-color-4)","background-image":"","background-repeat":"repeat","background-position":"center center","background-size":"auto","background-attachment":"scroll","background-type":"","background-media":"","overlay-type":"","overlay-color":"","overlay-opacity":"","overlay-gradient":""},"tablet":{"background-color":"","background-image":"","background-repeat":"repeat","background-position":"center center","background-size":"auto","background-attachment":"scroll","background-type":"","background-media":"","overlay-type":"","overlay-color":"","overlay-opacity":"","overlay-gradient":""},"mobile":{"background-color":"","background-image":"","background-repeat":"repeat","background-position":"center center","background-size":"auto","background-attachment":"scroll","background-type":"","background-media":"","overlay-type":"","overlay-color":"","overlay-opacity":"","overlay-gradient":""}},"ast-content-background-meta":{"desktop":{"background-color":"var(--ast-global-color-5)","background-image":"","background-repeat":"repeat","background-position":"center center","background-size":"auto","background-attachment":"scroll","background-type":"","background-media":"","overlay-type":"","overlay-color":"","overlay-opacity":"","overlay-gradient":""},"tablet":{"background-color":"var(--ast-global-color-5)","background-image":"","background-repeat":"repeat","background-position":"center center","background-size":"auto","background-attachment":"scroll","background-type":"","background-media":"","overlay-type":"","overlay-color":"","overlay-opacity":"","overlay-gradient":""},"mobile":{"background-color":"var(--ast-global-color-5)","background-image":"","background-repeat":"repeat","background-position":"center center","background-size":"auto","background-attachment":"scroll","background-type":"","background-media":"","overlay-type":"","overlay-color":"","overlay-opacity":"","overlay-gradient":""}},"footnotes":""},"categories":[258,5,74],"tags":[90],"class_list":["post-10590","post","type-post","status-publish","format-standard","hentry","category-22-23","category-primaria","category-prom14b","tag-musica"],"post_mailing_queue_ids":[],"_links":{"self":[{"href":"https:\/\/agora.xtec.cat\/escolametllers\/wp-json\/wp\/v2\/posts\/10590","targetHints":{"allow":["GET"]}}],"collection":[{"href":"https:\/\/agora.xtec.cat\/escolametllers\/wp-json\/wp\/v2\/posts"}],"about":[{"href":"https:\/\/agora.xtec.cat\/escolametllers\/wp-json\/wp\/v2\/types\/post"}],"author":[{"embeddable":true,"href":"https:\/\/agora.xtec.cat\/escolametllers\/wp-json\/wp\/v2\/users\/61"}],"replies":[{"embeddable":true,"href":"https:\/\/agora.xtec.cat\/escolametllers\/wp-json\/wp\/v2\/comments?post=10590"}],"version-history":[{"count":3,"href":"https:\/\/agora.xtec.cat\/escolametllers\/wp-json\/wp\/v2\/posts\/10590\/revisions"}],"predecessor-version":[{"id":10598,"href":"https:\/\/agora.xtec.cat\/escolametllers\/wp-json\/wp\/v2\/posts\/10590\/revisions\/10598"}],"wp:attachment":[{"href":"https:\/\/agora.xtec.cat\/escolametllers\/wp-json\/wp\/v2\/media?parent=10590"}],"wp:term":[{"taxonomy":"category","embeddable":true,"href":"https:\/\/agora.xtec.cat\/escolametllers\/wp-json\/wp\/v2\/categories?post=10590"},{"taxonomy":"post_tag","embeddable":true,"href":"https:\/\/agora.xtec.cat\/escolametllers\/wp-json\/wp\/v2\/tags?post=10590"}],"curies":[{"name":"wp","href":"https:\/\/api.w.org\/{rel}","templated":true}]}}