{"id":10548,"date":"2022-11-28T13:45:32","date_gmt":"2022-11-28T12:45:32","guid":{"rendered":"https:\/\/agora.xtec.cat\/escolametllers\/?p=10548"},"modified":"2022-12-21T11:11:46","modified_gmt":"2022-12-21T10:11:46","slug":"la-catanyada-a-eic","status":"publish","type":"post","link":"https:\/\/agora.xtec.cat\/escolametllers\/infantil\/la-catanyada-a-eic\/","title":{"rendered":"LA CASTANYADA A EIC"},"content":{"rendered":"<p><a href=\"https:\/\/photos.app.goo.gl\/S3SoprLwGfsNfmND8\"><img loading=\"lazy\" decoding=\"async\" class=\"alignnone size-large wp-image-10549\" src=\"https:\/\/agora.xtec.cat\/escolametllers\/wp-content\/uploads\/usu1580\/2022\/11\/8d4e02bb-7b03-4832-92d2-853039be56d2-1024x768.jpg\" alt=\"\" width=\"1024\" height=\"768\" srcset=\"https:\/\/agora.xtec.cat\/escolametllers\/wp-content\/uploads\/usu1580\/2022\/11\/8d4e02bb-7b03-4832-92d2-853039be56d2-1024x768.jpg 1024w, https:\/\/agora.xtec.cat\/escolametllers\/wp-content\/uploads\/usu1580\/2022\/11\/8d4e02bb-7b03-4832-92d2-853039be56d2-300x225.jpg 300w, https:\/\/agora.xtec.cat\/escolametllers\/wp-content\/uploads\/usu1580\/2022\/11\/8d4e02bb-7b03-4832-92d2-853039be56d2-768x576.jpg 768w, https:\/\/agora.xtec.cat\/escolametllers\/wp-content\/uploads\/usu1580\/2022\/11\/8d4e02bb-7b03-4832-92d2-853039be56d2-1536x1152.jpg 1536w, https:\/\/agora.xtec.cat\/escolametllers\/wp-content\/uploads\/usu1580\/2022\/11\/8d4e02bb-7b03-4832-92d2-853039be56d2-200x150.jpg 200w, https:\/\/agora.xtec.cat\/escolametllers\/wp-content\/uploads\/usu1580\/2022\/11\/8d4e02bb-7b03-4832-92d2-853039be56d2.jpg 1600w\" sizes=\"auto, (max-width: 1024px) 100vw, 1024px\" \/><\/a><\/p>\n<p><span style=\"font-family: Arial, serif;\"><span style=\"font-size: large;\">El passat divendres 28 d\u2019Octubre a la nostra escola vam celebrar la festa de la Castanyada. Al mat\u00ed els nens i nenes d\u2019Educaci\u00f3 Infantil vam veure i escoltar un conte molt bonic: \u201cLA FULLA RODAM\u00d3N \u201d. Ens va agradar molt\u00edssim perqu\u00e8 va ser un conte representat amb ombres xineses.<\/span><\/span><\/p>\n<p><span style=\"font-family: Arial, serif;\"><span style=\"font-size: large;\">Despr\u00e9s vam anar cap a la nostra classe a buscar les castanyes que ens havia amagat la Castanyera per tots els raconets de l\u2019aula. <\/span><\/span><!--more--><\/p>\n<p><span style=\"font-family: Arial, serif;\"><span style=\"font-size: large;\">Havent esmorzat vam anar al pati de Prim\u00e0ria a fer les danses de la Castanyada. Cada nivell va fer la seva i tothom va gaudir molt, tant ballant com mirant les danses dels altres cursos. Els infants d\u2019EI3 i EI4 vam ballar la dansa de \u201cLa Castanyera\u201d.<\/span><\/span><\/p>\n<p><span style=\"font-family: Arial, serif;\"><span style=\"font-size: large;\">A la tarda una ajudanta de la Castanyera ens va venir a veure i ens va explicar d\u2019on venia, com s\u2019ho feia per trobar les castanyes, qu\u00e8 cal fer per coure-les, etc. En agra\u00efment li vam fer un regal que hav\u00edem preparat entre tots: un past\u00eds de castanyes!!!<\/span><\/span><\/p>\n<p><a name=\"_GoBack\"><\/a> <span style=\"font-family: Arial, serif;\"><span style=\"font-size: large;\">Despr\u00e9s, amb l\u2019ajudanta de la Castanyera, vam anar al pati dels grans a veure com torraven les castanyes i finalment, per classes, vam fer rotllanes asseguts a terra i vam comen\u00e7ar a menjar-nos les castanyes torrades que ens va donar la nostra castanyera. Mmmmmm, eren bon\u00edssimes!!!<\/span><\/span><\/p>\n<p><span style=\"font-family: Arial, serif;\"><span style=\"font-size: large;\">Aqu\u00ed teniu un recull de fotos de les diferents activitats que vam fer al llarg d\u2019aquell dia i tamb\u00e9 de les que vam fer al llarg de la setmana (llegir la carta que ens va enviar la castanyera del Montseny, anar a veure la castanyera del vest\u00edbul d\u2019Infantil, descobrir la geganta castanyera que hi havia al vest\u00edbul de Prim\u00e0ria\u2026)<\/span><\/span><\/p>\n<p>&nbsp;<\/p>\n","protected":false},"excerpt":{"rendered":"<p>El passat divendres 28 d\u2019Octubre a la nostra escola vam celebrar la festa de la Castanyada. Al mat\u00ed els nens i nenes d\u2019Educaci\u00f3 Infantil vam veure i escoltar un conte molt bonic: \u201cLA FULLA RODAM\u00d3N \u201d. Ens va agradar molt\u00edssim perqu\u00e8 va ser un conte representat amb ombres xineses. Despr\u00e9s vam anar cap a la [&hellip;]<\/p>\n","protected":false},"author":1,"featured_media":0,"comment_status":"open","ping_status":"closed","sticky":false,"template":"","format":"standard","meta":{"_bbp_topic_count":0,"_bbp_reply_count":0,"_bbp_total_topic_count":0,"_bbp_total_reply_count":0,"_bbp_voice_count":0,"_bbp_anonymous_reply_count":0,"_bbp_topic_count_hidden":0,"_bbp_reply_count_hidden":0,"_bbp_forum_subforum_count":0,"site-sidebar-layout":"default","site-content-layout":"","ast-site-content-layout":"","site-content-style":"default","site-sidebar-style":"default","ast-global-header-display":"","ast-banner-title-visibility":"","ast-main-header-display":"","ast-hfb-above-header-display":"","ast-hfb-below-header-display":"","ast-hfb-mobile-header-display":"","site-post-title":"","ast-breadcrumbs-content":"","ast-featured-img":"","footer-sml-layout":"","theme-transparent-header-meta":"","adv-header-id-meta":"","stick-header-meta":"","header-above-stick-meta":"","header-main-stick-meta":"","header-below-stick-meta":"","astra-migrate-meta-layouts":"default","ast-page-background-enabled":"default","ast-page-background-meta":{"desktop":{"background-color":"var(--ast-global-color-4)","background-image":"","background-repeat":"repeat","background-position":"center center","background-size":"auto","background-attachment":"scroll","background-type":"","background-media":"","overlay-type":"","overlay-color":"","overlay-opacity":"","overlay-gradient":""},"tablet":{"background-color":"","background-image":"","background-repeat":"repeat","background-position":"center center","background-size":"auto","background-attachment":"scroll","background-type":"","background-media":"","overlay-type":"","overlay-color":"","overlay-opacity":"","overlay-gradient":""},"mobile":{"background-color":"","background-image":"","background-repeat":"repeat","background-position":"center center","background-size":"auto","background-attachment":"scroll","background-type":"","background-media":"","overlay-type":"","overlay-color":"","overlay-opacity":"","overlay-gradient":""}},"ast-content-background-meta":{"desktop":{"background-color":"var(--ast-global-color-5)","background-image":"","background-repeat":"repeat","background-position":"center center","background-size":"auto","background-attachment":"scroll","background-type":"","background-media":"","overlay-type":"","overlay-color":"","overlay-opacity":"","overlay-gradient":""},"tablet":{"background-color":"var(--ast-global-color-5)","background-image":"","background-repeat":"repeat","background-position":"center center","background-size":"auto","background-attachment":"scroll","background-type":"","background-media":"","overlay-type":"","overlay-color":"","overlay-opacity":"","overlay-gradient":""},"mobile":{"background-color":"var(--ast-global-color-5)","background-image":"","background-repeat":"repeat","background-position":"center center","background-size":"auto","background-attachment":"scroll","background-type":"","background-media":"","overlay-type":"","overlay-color":"","overlay-opacity":"","overlay-gradient":""}},"footnotes":""},"categories":[258,8,2],"tags":[195,294],"class_list":["post-10548","post","type-post","status-publish","format-standard","hentry","category-22-23","category-eic","category-infantil","tag-castanyada","tag-festes"],"post_mailing_queue_ids":[],"_links":{"self":[{"href":"https:\/\/agora.xtec.cat\/escolametllers\/wp-json\/wp\/v2\/posts\/10548","targetHints":{"allow":["GET"]}}],"collection":[{"href":"https:\/\/agora.xtec.cat\/escolametllers\/wp-json\/wp\/v2\/posts"}],"about":[{"href":"https:\/\/agora.xtec.cat\/escolametllers\/wp-json\/wp\/v2\/types\/post"}],"author":[{"embeddable":true,"href":"https:\/\/agora.xtec.cat\/escolametllers\/wp-json\/wp\/v2\/users\/1"}],"replies":[{"embeddable":true,"href":"https:\/\/agora.xtec.cat\/escolametllers\/wp-json\/wp\/v2\/comments?post=10548"}],"version-history":[{"count":2,"href":"https:\/\/agora.xtec.cat\/escolametllers\/wp-json\/wp\/v2\/posts\/10548\/revisions"}],"predecessor-version":[{"id":10604,"href":"https:\/\/agora.xtec.cat\/escolametllers\/wp-json\/wp\/v2\/posts\/10548\/revisions\/10604"}],"wp:attachment":[{"href":"https:\/\/agora.xtec.cat\/escolametllers\/wp-json\/wp\/v2\/media?parent=10548"}],"wp:term":[{"taxonomy":"category","embeddable":true,"href":"https:\/\/agora.xtec.cat\/escolametllers\/wp-json\/wp\/v2\/categories?post=10548"},{"taxonomy":"post_tag","embeddable":true,"href":"https:\/\/agora.xtec.cat\/escolametllers\/wp-json\/wp\/v2\/tags?post=10548"}],"curies":[{"name":"wp","href":"https:\/\/api.w.org\/{rel}","templated":true}]}}