{"id":10361,"date":"2022-11-09T09:03:27","date_gmt":"2022-11-09T08:03:27","guid":{"rendered":"https:\/\/agora.xtec.cat\/escolametllers\/?p=10361"},"modified":"2022-11-15T12:05:36","modified_gmt":"2022-11-15T11:05:36","slug":"la-castanyada-7","status":"publish","type":"post","link":"https:\/\/agora.xtec.cat\/escolametllers\/primaria\/prom15a\/la-castanyada-7\/","title":{"rendered":"La Castanyada"},"content":{"rendered":"<p><span style=\"font-weight: 400;\">Aquest divendres 28\/10\/2022 hem celebrat la Castanyada a l\u2019escola! Durant la setmana hem preparat una dansa, hem fet les paperines per les castanyes i tamb\u00e9 hem preparat un petit obsequi per la nostra castanyera. Una llibreta amb tot de dibuixos nostres sobre la tardor!<\/span><\/p>\n<p><span style=\"font-weight: 400;\"><a href=\"https:\/\/photos.app.goo.gl\/kpuG6P2uNxBhGsKt9\"><img loading=\"lazy\" decoding=\"async\" class=\"alignnone wp-image-10362\" src=\"https:\/\/agora.xtec.cat\/escolametllers\/wp-content\/uploads\/usu1580\/2022\/11\/IMG-0579-1024x768.jpg\" alt=\"\" width=\"491\" height=\"368\" srcset=\"https:\/\/agora.xtec.cat\/escolametllers\/wp-content\/uploads\/usu1580\/2022\/11\/IMG-0579-1024x768.jpg 1024w, https:\/\/agora.xtec.cat\/escolametllers\/wp-content\/uploads\/usu1580\/2022\/11\/IMG-0579-300x225.jpg 300w, https:\/\/agora.xtec.cat\/escolametllers\/wp-content\/uploads\/usu1580\/2022\/11\/IMG-0579-768x576.jpg 768w, https:\/\/agora.xtec.cat\/escolametllers\/wp-content\/uploads\/usu1580\/2022\/11\/IMG-0579-1536x1152.jpg 1536w, https:\/\/agora.xtec.cat\/escolametllers\/wp-content\/uploads\/usu1580\/2022\/11\/IMG-0579-2048x1536.jpg 2048w, https:\/\/agora.xtec.cat\/escolametllers\/wp-content\/uploads\/usu1580\/2022\/11\/IMG-0579-200x150.jpg 200w\" sizes=\"auto, (max-width: 491px) 100vw, 491px\" \/><\/a><\/span><\/p>\n<p>Al mat\u00ed hem fet les danses despr\u00e9s de fer un bon esmorzar de tardor. Ha sigut molt divertit perqu\u00e8 hem vist totes les danses i tothom ha ballat molt b\u00e9. A la tarda ha vingut la nostra castanyera, hem parlat amb ella i li hem donat el regal. Li ha agradat molt\u00edssim! Tot seguit ens ha portat cap a la pista i ens ha donat les castanyes que hem menjat tots junts asseguts a fora, feia molt bon dia!<a style=\"font-family: inherit; font-size: 1em;\" href=\"https:\/\/agora.xtec.cat\/escolametllers\/wp-content\/uploads\/usu1580\/2022\/11\/IMG-0568.jpg\"><img loading=\"lazy\" decoding=\"async\" class=\"alignnone wp-image-10363\" src=\"https:\/\/agora.xtec.cat\/escolametllers\/wp-content\/uploads\/usu1580\/2022\/11\/IMG-0568-1024x768.jpg\" alt=\"\" width=\"471\" height=\"353\" srcset=\"https:\/\/agora.xtec.cat\/escolametllers\/wp-content\/uploads\/usu1580\/2022\/11\/IMG-0568-1024x768.jpg 1024w, https:\/\/agora.xtec.cat\/escolametllers\/wp-content\/uploads\/usu1580\/2022\/11\/IMG-0568-300x225.jpg 300w, https:\/\/agora.xtec.cat\/escolametllers\/wp-content\/uploads\/usu1580\/2022\/11\/IMG-0568-768x576.jpg 768w, https:\/\/agora.xtec.cat\/escolametllers\/wp-content\/uploads\/usu1580\/2022\/11\/IMG-0568-1536x1152.jpg 1536w, https:\/\/agora.xtec.cat\/escolametllers\/wp-content\/uploads\/usu1580\/2022\/11\/IMG-0568-2048x1536.jpg 2048w, https:\/\/agora.xtec.cat\/escolametllers\/wp-content\/uploads\/usu1580\/2022\/11\/IMG-0568-200x150.jpg 200w\" sizes=\"auto, (max-width: 471px) 100vw, 471px\" \/><\/a><span style=\"font-family: inherit; font-size: 1em;\">\u00a0<\/span><\/p>\n","protected":false},"excerpt":{"rendered":"<p>Aquest divendres 28\/10\/2022 hem celebrat la Castanyada a l\u2019escola! Durant la setmana hem preparat una dansa, hem fet les paperines per les castanyes i tamb\u00e9 hem preparat un petit obsequi per la nostra castanyera. Una llibreta amb tot de dibuixos nostres sobre la tardor! Al mat\u00ed hem fet les danses despr\u00e9s de fer un bon [&hellip;]<\/p>\n","protected":false},"author":1,"featured_media":0,"comment_status":"open","ping_status":"closed","sticky":false,"template":"","format":"standard","meta":{"_bbp_topic_count":0,"_bbp_reply_count":0,"_bbp_total_topic_count":0,"_bbp_total_reply_count":0,"_bbp_voice_count":0,"_bbp_anonymous_reply_count":0,"_bbp_topic_count_hidden":0,"_bbp_reply_count_hidden":0,"_bbp_forum_subforum_count":0,"site-sidebar-layout":"default","site-content-layout":"","ast-site-content-layout":"","site-content-style":"default","site-sidebar-style":"default","ast-global-header-display":"","ast-banner-title-visibility":"","ast-main-header-display":"","ast-hfb-above-header-display":"","ast-hfb-below-header-display":"","ast-hfb-mobile-header-display":"","site-post-title":"","ast-breadcrumbs-content":"","ast-featured-img":"","footer-sml-layout":"","theme-transparent-header-meta":"","adv-header-id-meta":"","stick-header-meta":"","header-above-stick-meta":"","header-main-stick-meta":"","header-below-stick-meta":"","astra-migrate-meta-layouts":"default","ast-page-background-enabled":"default","ast-page-background-meta":{"desktop":{"background-color":"var(--ast-global-color-4)","background-image":"","background-repeat":"repeat","background-position":"center center","background-size":"auto","background-attachment":"scroll","background-type":"","background-media":"","overlay-type":"","overlay-color":"","overlay-opacity":"","overlay-gradient":""},"tablet":{"background-color":"","background-image":"","background-repeat":"repeat","background-position":"center center","background-size":"auto","background-attachment":"scroll","background-type":"","background-media":"","overlay-type":"","overlay-color":"","overlay-opacity":"","overlay-gradient":""},"mobile":{"background-color":"","background-image":"","background-repeat":"repeat","background-position":"center center","background-size":"auto","background-attachment":"scroll","background-type":"","background-media":"","overlay-type":"","overlay-color":"","overlay-opacity":"","overlay-gradient":""}},"ast-content-background-meta":{"desktop":{"background-color":"var(--ast-global-color-5)","background-image":"","background-repeat":"repeat","background-position":"center center","background-size":"auto","background-attachment":"scroll","background-type":"","background-media":"","overlay-type":"","overlay-color":"","overlay-opacity":"","overlay-gradient":""},"tablet":{"background-color":"var(--ast-global-color-5)","background-image":"","background-repeat":"repeat","background-position":"center center","background-size":"auto","background-attachment":"scroll","background-type":"","background-media":"","overlay-type":"","overlay-color":"","overlay-opacity":"","overlay-gradient":""},"mobile":{"background-color":"var(--ast-global-color-5)","background-image":"","background-repeat":"repeat","background-position":"center center","background-size":"auto","background-attachment":"scroll","background-type":"","background-media":"","overlay-type":"","overlay-color":"","overlay-opacity":"","overlay-gradient":""}},"footnotes":""},"categories":[258,10],"tags":[195,294],"class_list":["post-10361","post","type-post","status-publish","format-standard","hentry","category-22-23","category-prom15a","tag-castanyada","tag-festes"],"post_mailing_queue_ids":[],"_links":{"self":[{"href":"https:\/\/agora.xtec.cat\/escolametllers\/wp-json\/wp\/v2\/posts\/10361","targetHints":{"allow":["GET"]}}],"collection":[{"href":"https:\/\/agora.xtec.cat\/escolametllers\/wp-json\/wp\/v2\/posts"}],"about":[{"href":"https:\/\/agora.xtec.cat\/escolametllers\/wp-json\/wp\/v2\/types\/post"}],"author":[{"embeddable":true,"href":"https:\/\/agora.xtec.cat\/escolametllers\/wp-json\/wp\/v2\/users\/1"}],"replies":[{"embeddable":true,"href":"https:\/\/agora.xtec.cat\/escolametllers\/wp-json\/wp\/v2\/comments?post=10361"}],"version-history":[{"count":2,"href":"https:\/\/agora.xtec.cat\/escolametllers\/wp-json\/wp\/v2\/posts\/10361\/revisions"}],"predecessor-version":[{"id":10424,"href":"https:\/\/agora.xtec.cat\/escolametllers\/wp-json\/wp\/v2\/posts\/10361\/revisions\/10424"}],"wp:attachment":[{"href":"https:\/\/agora.xtec.cat\/escolametllers\/wp-json\/wp\/v2\/media?parent=10361"}],"wp:term":[{"taxonomy":"category","embeddable":true,"href":"https:\/\/agora.xtec.cat\/escolametllers\/wp-json\/wp\/v2\/categories?post=10361"},{"taxonomy":"post_tag","embeddable":true,"href":"https:\/\/agora.xtec.cat\/escolametllers\/wp-json\/wp\/v2\/tags?post=10361"}],"curies":[{"name":"wp","href":"https:\/\/api.w.org\/{rel}","templated":true}]}}