{"id":10346,"date":"2022-11-05T20:22:30","date_gmt":"2022-11-05T19:22:30","guid":{"rendered":"https:\/\/agora.xtec.cat\/escolametllers\/?p=10346"},"modified":"2023-01-08T16:45:01","modified_gmt":"2023-01-08T15:45:01","slug":"la-castanyada-6","status":"publish","type":"post","link":"https:\/\/agora.xtec.cat\/escolametllers\/primaria\/la-castanyada-6\/","title":{"rendered":"LA CASTANYADA"},"content":{"rendered":"<p>El passat 28 d&#8217;octubre vam celebrar la festa de la Castanyada a l&#8217;escola.<\/p>\n<p>El mat\u00ed el vam comen\u00e7ar fent manualitats sobre el tema i cada nen i nena va fer el seu personatge. A l&#8217;exposici\u00f3 hi tenim castanyeres, castanyers, marrameus&#8230; TOT UN ASSORTIT!<\/p>\n<p>Vam fer l&#8217;esmorzar amb menjar t\u00edpic de tardor; a les carmanyoles hi havia de tot: castanyes, moniatos, panellets, magrana, mandarines&#8230; Mmmm quina gana!<\/p>\n<p>Vam acabar el mat\u00ed amb les danses que ens hav\u00edem preparat. I a la tarda, tocava menjar castanyes.<\/p>\n<p><a href=\"https:\/\/photos.app.goo.gl\/3AAwW2o3zPVc7wQz7\"><img loading=\"lazy\" decoding=\"async\" class=\"aligncenter wp-image-10347 size-large\" src=\"https:\/\/agora.xtec.cat\/escolametllers\/wp-content\/uploads\/usu1580\/2022\/11\/IMG_20221028_161041-1024x1024.jpg\" alt=\"\" width=\"1024\" height=\"1024\" srcset=\"https:\/\/agora.xtec.cat\/escolametllers\/wp-content\/uploads\/usu1580\/2022\/11\/IMG_20221028_161041-1024x1024.jpg 1024w, https:\/\/agora.xtec.cat\/escolametllers\/wp-content\/uploads\/usu1580\/2022\/11\/IMG_20221028_161041-300x300.jpg 300w, https:\/\/agora.xtec.cat\/escolametllers\/wp-content\/uploads\/usu1580\/2022\/11\/IMG_20221028_161041-150x150.jpg 150w, https:\/\/agora.xtec.cat\/escolametllers\/wp-content\/uploads\/usu1580\/2022\/11\/IMG_20221028_161041-768x768.jpg 768w, https:\/\/agora.xtec.cat\/escolametllers\/wp-content\/uploads\/usu1580\/2022\/11\/IMG_20221028_161041-1536x1536.jpg 1536w, https:\/\/agora.xtec.cat\/escolametllers\/wp-content\/uploads\/usu1580\/2022\/11\/IMG_20221028_161041-2048x2048.jpg 2048w\" sizes=\"auto, (max-width: 1024px) 100vw, 1024px\" \/><\/a><\/p>\n<p>Vam fer una visita als castanyers i castanyeres de l&#8217;escola i ens van explicar com ho feien. I despr\u00e9s, a menjar. La Nadina ens va ajudar amb les c<span style=\"font-family: inherit; font-size: 1em;\">astanyes. Moltes gr\u00e0cies, Nadina.<\/span><\/p>\n<p>Si cliqueu la foto, n&#8217;hi ha m\u00e9s !!<\/p>\n","protected":false},"excerpt":{"rendered":"<p>El passat 28 d&#8217;octubre vam celebrar la festa de la Castanyada a l&#8217;escola. El mat\u00ed el vam comen\u00e7ar fent manualitats sobre el tema i cada nen i nena va fer el seu personatge. A l&#8217;exposici\u00f3 hi tenim castanyeres, castanyers, marrameus&#8230; TOT UN ASSORTIT! Vam fer l&#8217;esmorzar amb menjar t\u00edpic de tardor; a les carmanyoles hi [&hellip;]<\/p>\n","protected":false},"author":61,"featured_media":0,"comment_status":"closed","ping_status":"closed","sticky":false,"template":"","format":"standard","meta":{"_bbp_topic_count":0,"_bbp_reply_count":0,"_bbp_total_topic_count":0,"_bbp_total_reply_count":0,"_bbp_voice_count":0,"_bbp_anonymous_reply_count":0,"_bbp_topic_count_hidden":0,"_bbp_reply_count_hidden":0,"_bbp_forum_subforum_count":0,"site-sidebar-layout":"default","site-content-layout":"","ast-site-content-layout":"","site-content-style":"default","site-sidebar-style":"default","ast-global-header-display":"","ast-banner-title-visibility":"","ast-main-header-display":"","ast-hfb-above-header-display":"","ast-hfb-below-header-display":"","ast-hfb-mobile-header-display":"","site-post-title":"","ast-breadcrumbs-content":"","ast-featured-img":"","footer-sml-layout":"","theme-transparent-header-meta":"","adv-header-id-meta":"","stick-header-meta":"","header-above-stick-meta":"","header-main-stick-meta":"","header-below-stick-meta":"","astra-migrate-meta-layouts":"default","ast-page-background-enabled":"default","ast-page-background-meta":{"desktop":{"background-color":"var(--ast-global-color-4)","background-image":"","background-repeat":"repeat","background-position":"center center","background-size":"auto","background-attachment":"scroll","background-type":"","background-media":"","overlay-type":"","overlay-color":"","overlay-opacity":"","overlay-gradient":""},"tablet":{"background-color":"","background-image":"","background-repeat":"repeat","background-position":"center center","background-size":"auto","background-attachment":"scroll","background-type":"","background-media":"","overlay-type":"","overlay-color":"","overlay-opacity":"","overlay-gradient":""},"mobile":{"background-color":"","background-image":"","background-repeat":"repeat","background-position":"center center","background-size":"auto","background-attachment":"scroll","background-type":"","background-media":"","overlay-type":"","overlay-color":"","overlay-opacity":"","overlay-gradient":""}},"ast-content-background-meta":{"desktop":{"background-color":"var(--ast-global-color-5)","background-image":"","background-repeat":"repeat","background-position":"center center","background-size":"auto","background-attachment":"scroll","background-type":"","background-media":"","overlay-type":"","overlay-color":"","overlay-opacity":"","overlay-gradient":""},"tablet":{"background-color":"var(--ast-global-color-5)","background-image":"","background-repeat":"repeat","background-position":"center center","background-size":"auto","background-attachment":"scroll","background-type":"","background-media":"","overlay-type":"","overlay-color":"","overlay-opacity":"","overlay-gradient":""},"mobile":{"background-color":"var(--ast-global-color-5)","background-image":"","background-repeat":"repeat","background-position":"center center","background-size":"auto","background-attachment":"scroll","background-type":"","background-media":"","overlay-type":"","overlay-color":"","overlay-opacity":"","overlay-gradient":""}},"footnotes":""},"categories":[258,5,74],"tags":[195,285],"class_list":["post-10346","post","type-post","status-publish","format-standard","hentry","category-22-23","category-primaria","category-prom14b","tag-castanyada","tag-tardor"],"post_mailing_queue_ids":[],"_links":{"self":[{"href":"https:\/\/agora.xtec.cat\/escolametllers\/wp-json\/wp\/v2\/posts\/10346","targetHints":{"allow":["GET"]}}],"collection":[{"href":"https:\/\/agora.xtec.cat\/escolametllers\/wp-json\/wp\/v2\/posts"}],"about":[{"href":"https:\/\/agora.xtec.cat\/escolametllers\/wp-json\/wp\/v2\/types\/post"}],"author":[{"embeddable":true,"href":"https:\/\/agora.xtec.cat\/escolametllers\/wp-json\/wp\/v2\/users\/61"}],"replies":[{"embeddable":true,"href":"https:\/\/agora.xtec.cat\/escolametllers\/wp-json\/wp\/v2\/comments?post=10346"}],"version-history":[{"count":1,"href":"https:\/\/agora.xtec.cat\/escolametllers\/wp-json\/wp\/v2\/posts\/10346\/revisions"}],"predecessor-version":[{"id":10348,"href":"https:\/\/agora.xtec.cat\/escolametllers\/wp-json\/wp\/v2\/posts\/10346\/revisions\/10348"}],"wp:attachment":[{"href":"https:\/\/agora.xtec.cat\/escolametllers\/wp-json\/wp\/v2\/media?parent=10346"}],"wp:term":[{"taxonomy":"category","embeddable":true,"href":"https:\/\/agora.xtec.cat\/escolametllers\/wp-json\/wp\/v2\/categories?post=10346"},{"taxonomy":"post_tag","embeddable":true,"href":"https:\/\/agora.xtec.cat\/escolametllers\/wp-json\/wp\/v2\/tags?post=10346"}],"curies":[{"name":"wp","href":"https:\/\/api.w.org\/{rel}","templated":true}]}}