{"id":10075,"date":"2022-10-08T13:36:38","date_gmt":"2022-10-08T11:36:38","guid":{"rendered":"https:\/\/agora.xtec.cat\/escolametllers\/?p=10075"},"modified":"2022-10-23T09:30:12","modified_gmt":"2022-10-23T07:30:12","slug":"visita-a-les-coves-del-toll-de-moia","status":"publish","type":"post","link":"https:\/\/agora.xtec.cat\/escolametllers\/primaria\/visita-a-les-coves-del-toll-de-moia\/","title":{"rendered":"VISITA A LES COVES DEL TOLL DE MOI\u00c0"},"content":{"rendered":"<p>Aquest dijous 6 d&#8217;octubre les nenes i nens de la Classe dels Volcans, juntament amb la resta del cicle Mitj\u00e0, hem visitat el complex prehist\u00f2ric de les COVES DEL TOLL que es troben al municipi de Moi\u00e0.<\/p>\n<p>Hem pogut gaudir d&#8217;una explicaci\u00f3 per descobrir quines esp\u00e8cies d&#8217;humans vivien a la cova, com fabricaven eines, com encenien el foc. Hem constru\u00eft el nostre BRUNZIDOR, una eina de comunicaci\u00f3 dels prehist\u00f2rics. Tamb\u00e9 hem pogut jugar una bona estona al parc municipal de Moi\u00e0 abans de tornar a l&#8217;escola.<\/p>\n<p>Clica a la foto per veure&#8217;n m\u00e9s.<\/p>\n<p><a href=\"https:\/\/photos.app.goo.gl\/PddvPef265aTHejE9\"><img loading=\"lazy\" decoding=\"async\" class=\"aligncenter wp-image-10079 size-large\" src=\"https:\/\/agora.xtec.cat\/escolametllers\/wp-content\/uploads\/usu1580\/2022\/10\/IMG_20221006_115648-1024x1024.jpg\" alt=\"\" width=\"1024\" height=\"1024\" srcset=\"https:\/\/agora.xtec.cat\/escolametllers\/wp-content\/uploads\/usu1580\/2022\/10\/IMG_20221006_115648-1024x1024.jpg 1024w, https:\/\/agora.xtec.cat\/escolametllers\/wp-content\/uploads\/usu1580\/2022\/10\/IMG_20221006_115648-300x300.jpg 300w, https:\/\/agora.xtec.cat\/escolametllers\/wp-content\/uploads\/usu1580\/2022\/10\/IMG_20221006_115648-150x150.jpg 150w, https:\/\/agora.xtec.cat\/escolametllers\/wp-content\/uploads\/usu1580\/2022\/10\/IMG_20221006_115648-768x768.jpg 768w, https:\/\/agora.xtec.cat\/escolametllers\/wp-content\/uploads\/usu1580\/2022\/10\/IMG_20221006_115648.jpg 1448w\" sizes=\"auto, (max-width: 1024px) 100vw, 1024px\" \/><\/a><\/p>\n","protected":false},"excerpt":{"rendered":"<p>Aquest dijous 6 d&#8217;octubre les nenes i nens de la Classe dels Volcans, juntament amb la resta del cicle Mitj\u00e0, hem visitat el complex prehist\u00f2ric de les COVES DEL TOLL que es troben al municipi de Moi\u00e0. Hem pogut gaudir d&#8217;una explicaci\u00f3 per descobrir quines esp\u00e8cies d&#8217;humans vivien a la cova, com fabricaven eines, com [&hellip;]<\/p>\n","protected":false},"author":61,"featured_media":0,"comment_status":"closed","ping_status":"closed","sticky":false,"template":"","format":"standard","meta":{"_bbp_topic_count":0,"_bbp_reply_count":0,"_bbp_total_topic_count":0,"_bbp_total_reply_count":0,"_bbp_voice_count":0,"_bbp_anonymous_reply_count":0,"_bbp_topic_count_hidden":0,"_bbp_reply_count_hidden":0,"_bbp_forum_subforum_count":0,"site-sidebar-layout":"default","site-content-layout":"","ast-site-content-layout":"","site-content-style":"default","site-sidebar-style":"default","ast-global-header-display":"","ast-banner-title-visibility":"","ast-main-header-display":"","ast-hfb-above-header-display":"","ast-hfb-below-header-display":"","ast-hfb-mobile-header-display":"","site-post-title":"","ast-breadcrumbs-content":"","ast-featured-img":"","footer-sml-layout":"","theme-transparent-header-meta":"","adv-header-id-meta":"","stick-header-meta":"","header-above-stick-meta":"","header-main-stick-meta":"","header-below-stick-meta":"","astra-migrate-meta-layouts":"default","ast-page-background-enabled":"default","ast-page-background-meta":{"desktop":{"background-color":"var(--ast-global-color-4)","background-image":"","background-repeat":"repeat","background-position":"center center","background-size":"auto","background-attachment":"scroll","background-type":"","background-media":"","overlay-type":"","overlay-color":"","overlay-opacity":"","overlay-gradient":""},"tablet":{"background-color":"","background-image":"","background-repeat":"repeat","background-position":"center center","background-size":"auto","background-attachment":"scroll","background-type":"","background-media":"","overlay-type":"","overlay-color":"","overlay-opacity":"","overlay-gradient":""},"mobile":{"background-color":"","background-image":"","background-repeat":"repeat","background-position":"center center","background-size":"auto","background-attachment":"scroll","background-type":"","background-media":"","overlay-type":"","overlay-color":"","overlay-opacity":"","overlay-gradient":""}},"ast-content-background-meta":{"desktop":{"background-color":"var(--ast-global-color-5)","background-image":"","background-repeat":"repeat","background-position":"center center","background-size":"auto","background-attachment":"scroll","background-type":"","background-media":"","overlay-type":"","overlay-color":"","overlay-opacity":"","overlay-gradient":""},"tablet":{"background-color":"var(--ast-global-color-5)","background-image":"","background-repeat":"repeat","background-position":"center center","background-size":"auto","background-attachment":"scroll","background-type":"","background-media":"","overlay-type":"","overlay-color":"","overlay-opacity":"","overlay-gradient":""},"mobile":{"background-color":"var(--ast-global-color-5)","background-image":"","background-repeat":"repeat","background-position":"center center","background-size":"auto","background-attachment":"scroll","background-type":"","background-media":"","overlay-type":"","overlay-color":"","overlay-opacity":"","overlay-gradient":""}},"footnotes":""},"categories":[258,5,74],"tags":[16,285],"class_list":["post-10075","post","type-post","status-publish","format-standard","hentry","category-22-23","category-primaria","category-prom14b","tag-sortides","tag-tardor"],"post_mailing_queue_ids":[],"_links":{"self":[{"href":"https:\/\/agora.xtec.cat\/escolametllers\/wp-json\/wp\/v2\/posts\/10075","targetHints":{"allow":["GET"]}}],"collection":[{"href":"https:\/\/agora.xtec.cat\/escolametllers\/wp-json\/wp\/v2\/posts"}],"about":[{"href":"https:\/\/agora.xtec.cat\/escolametllers\/wp-json\/wp\/v2\/types\/post"}],"author":[{"embeddable":true,"href":"https:\/\/agora.xtec.cat\/escolametllers\/wp-json\/wp\/v2\/users\/61"}],"replies":[{"embeddable":true,"href":"https:\/\/agora.xtec.cat\/escolametllers\/wp-json\/wp\/v2\/comments?post=10075"}],"version-history":[{"count":3,"href":"https:\/\/agora.xtec.cat\/escolametllers\/wp-json\/wp\/v2\/posts\/10075\/revisions"}],"predecessor-version":[{"id":10117,"href":"https:\/\/agora.xtec.cat\/escolametllers\/wp-json\/wp\/v2\/posts\/10075\/revisions\/10117"}],"wp:attachment":[{"href":"https:\/\/agora.xtec.cat\/escolametllers\/wp-json\/wp\/v2\/media?parent=10075"}],"wp:term":[{"taxonomy":"category","embeddable":true,"href":"https:\/\/agora.xtec.cat\/escolametllers\/wp-json\/wp\/v2\/categories?post=10075"},{"taxonomy":"post_tag","embeddable":true,"href":"https:\/\/agora.xtec.cat\/escolametllers\/wp-json\/wp\/v2\/tags?post=10075"}],"curies":[{"name":"wp","href":"https:\/\/api.w.org\/{rel}","templated":true}]}}