{"id":10046,"date":"2022-10-15T21:28:50","date_gmt":"2022-10-15T19:28:50","guid":{"rendered":"https:\/\/agora.xtec.cat\/escolametllers\/?p=10046"},"modified":"2024-09-09T21:51:21","modified_gmt":"2024-09-09T19:51:21","slug":"visita-a-les-coves-del-toll","status":"publish","type":"post","link":"https:\/\/agora.xtec.cat\/escolametllers\/portada\/visita-a-les-coves-del-toll\/","title":{"rendered":"VISITA A LES COVES DEL TOLL"},"content":{"rendered":"<p style=\"text-align: justify;\">Avui les classes de tercer i quart hem anat a Moi\u00e0 a visitar les coves del Toll.<\/p>\n<p><a href=\"https:\/\/photos.app.goo.gl\/Mjq3MBNmZQ4f5C2R6\"><img loading=\"lazy\" decoding=\"async\" class=\"aligncenter \" src=\"https:\/\/lh3.googleusercontent.com\/pw\/AL9nZEVrcuD57VHrMeu91aX0Pf9w8dXXFfv6U6-uNb3Jt_rs1Fkc0JtjghAFgFBKCCWLUjwSiDo5Efq9mfORPiYkXZXgngIjpOsDVt2xmwn7VMK93w_oZEJMAkB_LoV3m5ymvf05UQmixQHiWkY3wju5oj27=w1262-h880-no?authuser=2\" width=\"600\" height=\"415\" \/><\/a><\/p>\n<p style=\"text-align: justify;\">Com podeu veure a les fotografies, ha sigut una visita que ens ha transportat al passat! Un gegant\u00ed f\u00f2ssil d&#8217;escull coral\u00b7l\u00ed va emergir fa sis milions d&#8217;anys a la superf\u00edcie donant lloc a aquestes coves impressionants.<\/p>\n<p><!--more--><\/p>\n<p style=\"text-align: justify;\">Durant el Paleol\u00edtic varen ser habitades per animals ja extints com la hiena ib\u00e8rica o el lle\u00f3 de les cavernes, tot i que tamb\u00e9 s&#8217;han trobat restes del que menjaven: cavalls salvatges, rinoceronts&#8230; S&#8217;hi han trobat tamb\u00e9 restes d&#8217;un \u00f3s tan alt com una cistella de b\u00e0squet!<\/p>\n<p style=\"text-align: justify;\">M\u00e9s endavant, durant el Neol\u00edtic, el van ocupar els nostres avantpassats fins que la cova va quedar taponada per una esllavissada i va quedar deshabitada, convertint-se en una c\u00e0psula del temps fins ser descoberta als anys 50 del segle XX.<\/p>\n<p style=\"text-align: justify;\">Hem apr\u00e8s moltes coses sobre l&#8217;evoluci\u00f3 humana i fins i tot hem pogut veure en directe com els nostres avantpassats van aconseguir dominar el foc!<\/p>\n","protected":false},"excerpt":{"rendered":"<p>Avui les classes de tercer i quart hem anat a Moi\u00e0 a visitar les coves del Toll. Com podeu veure a les fotografies, ha sigut una visita que ens ha transportat al passat! Un gegant\u00ed f\u00f2ssil d&#8217;escull coral\u00b7l\u00ed va emergir fa sis milions d&#8217;anys a la superf\u00edcie donant lloc a aquestes coves impressionants.<\/p>\n","protected":false},"author":1,"featured_media":0,"comment_status":"open","ping_status":"closed","sticky":false,"template":"","format":"standard","meta":{"_bbp_topic_count":0,"_bbp_reply_count":0,"_bbp_total_topic_count":0,"_bbp_total_reply_count":0,"_bbp_voice_count":0,"_bbp_anonymous_reply_count":0,"_bbp_topic_count_hidden":0,"_bbp_reply_count_hidden":0,"_bbp_forum_subforum_count":0,"site-sidebar-layout":"default","site-content-layout":"","ast-site-content-layout":"","site-content-style":"default","site-sidebar-style":"default","ast-global-header-display":"","ast-banner-title-visibility":"","ast-main-header-display":"","ast-hfb-above-header-display":"","ast-hfb-below-header-display":"","ast-hfb-mobile-header-display":"","site-post-title":"","ast-breadcrumbs-content":"","ast-featured-img":"","footer-sml-layout":"","theme-transparent-header-meta":"","adv-header-id-meta":"","stick-header-meta":"","header-above-stick-meta":"","header-main-stick-meta":"","header-below-stick-meta":"","astra-migrate-meta-layouts":"default","ast-page-background-enabled":"default","ast-page-background-meta":{"desktop":{"background-color":"var(--ast-global-color-4)","background-image":"","background-repeat":"repeat","background-position":"center center","background-size":"auto","background-attachment":"scroll","background-type":"","background-media":"","overlay-type":"","overlay-color":"","overlay-opacity":"","overlay-gradient":""},"tablet":{"background-color":"","background-image":"","background-repeat":"repeat","background-position":"center center","background-size":"auto","background-attachment":"scroll","background-type":"","background-media":"","overlay-type":"","overlay-color":"","overlay-opacity":"","overlay-gradient":""},"mobile":{"background-color":"","background-image":"","background-repeat":"repeat","background-position":"center center","background-size":"auto","background-attachment":"scroll","background-type":"","background-media":"","overlay-type":"","overlay-color":"","overlay-opacity":"","overlay-gradient":""}},"ast-content-background-meta":{"desktop":{"background-color":"var(--ast-global-color-5)","background-image":"","background-repeat":"repeat","background-position":"center center","background-size":"auto","background-attachment":"scroll","background-type":"","background-media":"","overlay-type":"","overlay-color":"","overlay-opacity":"","overlay-gradient":""},"tablet":{"background-color":"var(--ast-global-color-5)","background-image":"","background-repeat":"repeat","background-position":"center center","background-size":"auto","background-attachment":"scroll","background-type":"","background-media":"","overlay-type":"","overlay-color":"","overlay-opacity":"","overlay-gradient":""},"mobile":{"background-color":"var(--ast-global-color-5)","background-image":"","background-repeat":"repeat","background-position":"center center","background-size":"auto","background-attachment":"scroll","background-type":"","background-media":"","overlay-type":"","overlay-color":"","overlay-opacity":"","overlay-gradient":""}},"footnotes":""},"categories":[258,4],"tags":[191,16],"class_list":["post-10046","post","type-post","status-publish","format-standard","hentry","category-22-23","category-portada","tag-entorn","tag-sortides"],"post_mailing_queue_ids":[],"_links":{"self":[{"href":"https:\/\/agora.xtec.cat\/escolametllers\/wp-json\/wp\/v2\/posts\/10046","targetHints":{"allow":["GET"]}}],"collection":[{"href":"https:\/\/agora.xtec.cat\/escolametllers\/wp-json\/wp\/v2\/posts"}],"about":[{"href":"https:\/\/agora.xtec.cat\/escolametllers\/wp-json\/wp\/v2\/types\/post"}],"author":[{"embeddable":true,"href":"https:\/\/agora.xtec.cat\/escolametllers\/wp-json\/wp\/v2\/users\/1"}],"replies":[{"embeddable":true,"href":"https:\/\/agora.xtec.cat\/escolametllers\/wp-json\/wp\/v2\/comments?post=10046"}],"version-history":[{"count":1,"href":"https:\/\/agora.xtec.cat\/escolametllers\/wp-json\/wp\/v2\/posts\/10046\/revisions"}],"predecessor-version":[{"id":14326,"href":"https:\/\/agora.xtec.cat\/escolametllers\/wp-json\/wp\/v2\/posts\/10046\/revisions\/14326"}],"wp:attachment":[{"href":"https:\/\/agora.xtec.cat\/escolametllers\/wp-json\/wp\/v2\/media?parent=10046"}],"wp:term":[{"taxonomy":"category","embeddable":true,"href":"https:\/\/agora.xtec.cat\/escolametllers\/wp-json\/wp\/v2\/categories?post=10046"},{"taxonomy":"post_tag","embeddable":true,"href":"https:\/\/agora.xtec.cat\/escolametllers\/wp-json\/wp\/v2\/tags?post=10046"}],"curies":[{"name":"wp","href":"https:\/\/api.w.org\/{rel}","templated":true}]}}