{"id":9842,"date":"2025-05-22T15:28:39","date_gmt":"2025-05-22T13:28:39","guid":{"rendered":"https:\/\/agora.xtec.cat\/escolamestralvilanova\/?p=9842"},"modified":"2025-06-03T10:43:23","modified_gmt":"2025-06-03T08:43:23","slug":"cendres-de-guerra","status":"publish","type":"post","link":"https:\/\/agora.xtec.cat\/escolamestralvilanova\/portada\/cendres-de-guerra\/","title":{"rendered":"CENDRES DE GUERRA CM-CS"},"content":{"rendered":"<p style=\"text-align: justify;\">Avui els alumnes de CM i CS hem anat a l&#8217;Esgl\u00e9sia Vella del poble a veure l&#8217;exposici\u00f3 &#8220;Cendres de Guerra&#8221;, all\u00ed hem tingut la sort de poder fer activitats guiades per la UdL, aix\u00ed com con\u00e8ixer a alguns dels autors.<\/p>\n<p>Ens ha agradat molt!<\/p>\n<ul>\n<li><a href=\"https:\/\/photos.app.goo.gl\/qryZx7WuY1Yi97NA8\">ENLLA\u00c7 A LES FOTOGRAFIES<\/a><\/li>\n<\/ul>\n<p><a href=\"https:\/\/photos.app.goo.gl\/qryZx7WuY1Yi97NA8\"><img loading=\"lazy\" decoding=\"async\" class=\"alignnone size-medium wp-image-9843\" src=\"https:\/\/agora.xtec.cat\/escolamestralvilanova\/wp-content\/uploads\/usu729\/2025\/05\/cendres-300x235.png\" alt=\"\" width=\"300\" height=\"235\" srcset=\"https:\/\/agora.xtec.cat\/escolamestralvilanova\/wp-content\/uploads\/usu729\/2025\/05\/cendres-300x235.png 300w, https:\/\/agora.xtec.cat\/escolamestralvilanova\/wp-content\/uploads\/usu729\/2025\/05\/cendres-768x601.png 768w, https:\/\/agora.xtec.cat\/escolamestralvilanova\/wp-content\/uploads\/usu729\/2025\/05\/cendres.png 790w\" sizes=\"auto, (max-width: 300px) 100vw, 300px\" \/><\/a><\/p>\n","protected":false},"excerpt":{"rendered":"<p>Avui els alumnes de CM i CS hem anat a l&#8217;Esgl\u00e9sia Vella del poble a veure l&#8217;exposici\u00f3 &#8220;Cendres de Guerra&#8221;, all\u00ed hem tingut la sort de poder fer activitats guiades per la UdL, aix\u00ed com con\u00e8ixer a alguns dels autors.<br \/>\nEns ha agradat molt!<\/p>\n<ul>\n<li><a href=\"https:\/\/photos.app.goo.gl\/qryZx7WuY1Yi97NA8\">ENLLA\u00c7 A&hellip;  <a href=\"https:\/\/agora.xtec.cat\/escolamestralvilanova\/portada\/cendres-de-guerra\/\" title=\"Read CENDRES DE GUERRA CM-CS\">Llegeix m\u00e9s\u00bb<\/a><br \/>\n","protected":false},"author":1,"featured_media":0,"comment_status":"open","ping_status":"closed","sticky":false,"template":"","format":"standard","meta":{"_bbp_topic_count":0,"_bbp_reply_count":0,"_bbp_total_topic_count":0,"_bbp_total_reply_count":0,"_bbp_voice_count":0,"_bbp_anonymous_reply_count":0,"_bbp_topic_count_hidden":0,"_bbp_reply_count_hidden":0,"_bbp_forum_subforum_count":0,"footnotes":""},"categories":[12,15,4,5],"tags":[],"class_list":["post-9842","post","type-post","status-publish","format-standard","hentry","category-tercer-quart","category-cicle-superior","category-portada","category-primaria"],"post_mailing_queue_ids":[],"_links":{"self":[{"href":"https:\/\/agora.xtec.cat\/escolamestralvilanova\/wp-json\/wp\/v2\/posts\/9842","targetHints":{"allow":["GET"]}}],"collection":[{"href":"https:\/\/agora.xtec.cat\/escolamestralvilanova\/wp-json\/wp\/v2\/posts"}],"about":[{"href":"https:\/\/agora.xtec.cat\/escolamestralvilanova\/wp-json\/wp\/v2\/types\/post"}],"author":[{"embeddable":true,"href":"https:\/\/agora.xtec.cat\/escolamestralvilanova\/wp-json\/wp\/v2\/users\/1"}],"replies":[{"embeddable":true,"href":"https:\/\/agora.xtec.cat\/escolamestralvilanova\/wp-json\/wp\/v2\/comments?post=9842"}],"version-history":[{"count":2,"href":"https:\/\/agora.xtec.cat\/escolamestralvilanova\/wp-json\/wp\/v2\/posts\/9842\/revisions"}],"predecessor-version":[{"id":9855,"href":"https:\/\/agora.xtec.cat\/escolamestralvilanova\/wp-json\/wp\/v2\/posts\/9842\/revisions\/9855"}],"wp:attachment":[{"href":"https:\/\/agora.xtec.cat\/escolamestralvilanova\/wp-json\/wp\/v2\/media?parent=9842"}],"wp:term":[{"taxonomy":"category","embeddable":true,"href":"https:\/\/agora.xtec.cat\/escolamestralvilanova\/wp-json\/wp\/v2\/categories?post=9842"},{"taxonomy":"post_tag","embeddable":true,"href":"https:\/\/agora.xtec.cat\/escolamestralvilanova\/wp-json\/wp\/v2\/tags?post=9842"}],"curies":[{"name":"wp","href":"https:\/\/api.w.org\/{rel}","templated":true}]}}