{"id":9831,"date":"2025-05-14T09:00:03","date_gmt":"2025-05-14T07:00:03","guid":{"rendered":"https:\/\/agora.xtec.cat\/escolamestralvilanova\/?p=9831"},"modified":"2025-05-13T22:45:19","modified_gmt":"2025-05-13T20:45:19","slug":"bioeconomia-circular-cs","status":"publish","type":"post","link":"https:\/\/agora.xtec.cat\/escolamestralvilanova\/portada\/bioeconomia-circular-cs\/","title":{"rendered":"BIOECONOMIA CIRCULAR CS"},"content":{"rendered":"<p style=\"text-align: justify;\">Al llarg dels darrers mesos els alumnes de CS han estat treballant, juntament amb t\u00e8cnics de la Diputaci\u00f3 de Lleida, el concepte &#8220;Bioeconomia Circular&#8221; a fi de con\u00e8ixer la seva import\u00e0ncia per assolir societats m\u00e9s sostenibles.<\/p>\n<p style=\"text-align: justify;\">Per tal de concloure el treball realitzat, el passat dimarts 13 de maig vam assistir, juntament amb altres escoles del territori, a l&#8217;acte de tancament i lliurament dels reconeixements per la tasca realitzada vers la mat\u00e8ria.<\/p>\n<p style=\"text-align: justify;\">Aquest acte es va realitzar a l&#8217;aeroport d&#8217;Alguaire, i ens va donar la possibilitat de poder visitar les seves intal\u00b7lacions i aprendre una mica m\u00e9s sobre el seu funcionament.<\/p>\n<p style=\"text-align: justify;\">Tot seguit us enllacem les fotografies de l&#8217;acte i el v\u00eddeo resum del treball realitzat sobre la &#8220;Bioeconomia Circular&#8221;.<\/p>\n<ul>\n<li><a href=\"https:\/\/photos.app.goo.gl\/UQbkHoh5AVnu9dUR6\">ENLLA\u00c7 A LES FOTOGRAFIES<\/a><\/li>\n<li><a href=\"https:\/\/drive.google.com\/file\/d\/1AsOkyJOGV3sYG2xlwp6Q2muWMfFTAy_a\/view?usp=sharing\">ENLLA\u00c7 AL V\u00cdDEO<\/a><\/li>\n<\/ul>\n<p style=\"font-weight: 400;\"><a href=\"https:\/\/photos.app.goo.gl\/UQbkHoh5AVnu9dUR6\"><img loading=\"lazy\" decoding=\"async\" class=\"alignnone size-medium wp-image-9832\" src=\"https:\/\/agora.xtec.cat\/escolamestralvilanova\/wp-content\/uploads\/usu729\/2025\/05\/Captura-de-Pantalla-2025-05-13-a-les-22.42.13-300x214.png\" alt=\"\" width=\"300\" height=\"214\" srcset=\"https:\/\/agora.xtec.cat\/escolamestralvilanova\/wp-content\/uploads\/usu729\/2025\/05\/Captura-de-Pantalla-2025-05-13-a-les-22.42.13-300x214.png 300w, https:\/\/agora.xtec.cat\/escolamestralvilanova\/wp-content\/uploads\/usu729\/2025\/05\/Captura-de-Pantalla-2025-05-13-a-les-22.42.13-1024x732.png 1024w, https:\/\/agora.xtec.cat\/escolamestralvilanova\/wp-content\/uploads\/usu729\/2025\/05\/Captura-de-Pantalla-2025-05-13-a-les-22.42.13-768x549.png 768w, https:\/\/agora.xtec.cat\/escolamestralvilanova\/wp-content\/uploads\/usu729\/2025\/05\/Captura-de-Pantalla-2025-05-13-a-les-22.42.13.png 1228w\" sizes=\"auto, (max-width: 300px) 100vw, 300px\" \/><\/a><\/p>\n","protected":false},"excerpt":{"rendered":"<p>Al llarg dels darrers mesos els alumnes de CS han estat treballant, juntament amb t\u00e8cnics de la Diputaci\u00f3 de Lleida, el concepte &#8220;Bioeconomia Circular&#8221; a fi de con\u00e8ixer la seva import\u00e0ncia per assolir societats m\u00e9s sostenibles.<br \/>\nPer tal de concloure el treball realitzat, el passat dimarts&hellip;  <a href=\"https:\/\/agora.xtec.cat\/escolamestralvilanova\/portada\/bioeconomia-circular-cs\/\" title=\"Read BIOECONOMIA CIRCULAR CS\">Llegeix m\u00e9s\u00bb<\/a><\/p>\n","protected":false},"author":1,"featured_media":0,"comment_status":"open","ping_status":"closed","sticky":false,"template":"","format":"standard","meta":{"_bbp_topic_count":0,"_bbp_reply_count":0,"_bbp_total_topic_count":0,"_bbp_total_reply_count":0,"_bbp_voice_count":0,"_bbp_anonymous_reply_count":0,"_bbp_topic_count_hidden":0,"_bbp_reply_count_hidden":0,"_bbp_forum_subforum_count":0,"footnotes":""},"categories":[15,4,5],"tags":[],"class_list":["post-9831","post","type-post","status-publish","format-standard","hentry","category-cicle-superior","category-portada","category-primaria"],"post_mailing_queue_ids":[],"_links":{"self":[{"href":"https:\/\/agora.xtec.cat\/escolamestralvilanova\/wp-json\/wp\/v2\/posts\/9831","targetHints":{"allow":["GET"]}}],"collection":[{"href":"https:\/\/agora.xtec.cat\/escolamestralvilanova\/wp-json\/wp\/v2\/posts"}],"about":[{"href":"https:\/\/agora.xtec.cat\/escolamestralvilanova\/wp-json\/wp\/v2\/types\/post"}],"author":[{"embeddable":true,"href":"https:\/\/agora.xtec.cat\/escolamestralvilanova\/wp-json\/wp\/v2\/users\/1"}],"replies":[{"embeddable":true,"href":"https:\/\/agora.xtec.cat\/escolamestralvilanova\/wp-json\/wp\/v2\/comments?post=9831"}],"version-history":[{"count":1,"href":"https:\/\/agora.xtec.cat\/escolamestralvilanova\/wp-json\/wp\/v2\/posts\/9831\/revisions"}],"predecessor-version":[{"id":9833,"href":"https:\/\/agora.xtec.cat\/escolamestralvilanova\/wp-json\/wp\/v2\/posts\/9831\/revisions\/9833"}],"wp:attachment":[{"href":"https:\/\/agora.xtec.cat\/escolamestralvilanova\/wp-json\/wp\/v2\/media?parent=9831"}],"wp:term":[{"taxonomy":"category","embeddable":true,"href":"https:\/\/agora.xtec.cat\/escolamestralvilanova\/wp-json\/wp\/v2\/categories?post=9831"},{"taxonomy":"post_tag","embeddable":true,"href":"https:\/\/agora.xtec.cat\/escolamestralvilanova\/wp-json\/wp\/v2\/tags?post=9831"}],"curies":[{"name":"wp","href":"https:\/\/api.w.org\/{rel}","templated":true}]}}