{"id":982,"date":"2018-11-22T17:27:10","date_gmt":"2018-11-22T16:27:10","guid":{"rendered":"http:\/\/agora.xtec.cat\/escolamestralvilanova\/?p=982"},"modified":"2018-11-24T12:51:38","modified_gmt":"2018-11-24T11:51:38","slug":"ens-visiten-els-musics-de-la-jop","status":"publish","type":"post","link":"https:\/\/agora.xtec.cat\/escolamestralvilanova\/infantil\/ens-visiten-els-musics-de-la-jop\/","title":{"rendered":"ENS VISITEN ELS M\u00daSICS DE LA JOP"},"content":{"rendered":"<p>Avui hem gaudit de la visita d&#8217;alguns dels m\u00fasics de la Jove Orquestra de Ponent (JOP). Durant la visita hem pogut escoltar i aprendre moltes coses del viol\u00ed, el violoncel, l&#8217;obo\u00e8, el corn angl\u00e8s i la trompa i fins i tot, els hem pogut tocar!<\/p>\n<p>Ha sigut una gran experi\u00e8ncia!<\/p>\n<p>Moltes gr\u00e0cies per haver vingut, ens veiem el dissabte!<\/p>\n<ul>\n<li><a href=\"https:\/\/photos.app.goo.gl\/CHw3G75MfgPqe14j7\">ENLLA\u00c7 A LES FOTOGRAFIES<\/a><\/li>\n<\/ul>\n<p><a href=\"https:\/\/agora.xtec.cat\/escolamestralvilanova\/wp-content\/uploads\/usu729\/2018\/11\/IMG_7218.jpg\"><img loading=\"lazy\" decoding=\"async\" class=\"alignnone size-medium wp-image-986\" src=\"https:\/\/agora.xtec.cat\/escolamestralvilanova\/wp-content\/uploads\/usu729\/2018\/11\/IMG_7218-300x225.jpg\" alt=\"\" width=\"300\" height=\"225\" srcset=\"https:\/\/agora.xtec.cat\/escolamestralvilanova\/wp-content\/uploads\/usu729\/2018\/11\/IMG_7218-300x225.jpg 300w, https:\/\/agora.xtec.cat\/escolamestralvilanova\/wp-content\/uploads\/usu729\/2018\/11\/IMG_7218-768x576.jpg 768w, https:\/\/agora.xtec.cat\/escolamestralvilanova\/wp-content\/uploads\/usu729\/2018\/11\/IMG_7218-1024x768.jpg 1024w, https:\/\/agora.xtec.cat\/escolamestralvilanova\/wp-content\/uploads\/usu729\/2018\/11\/IMG_7218-200x150.jpg 200w\" sizes=\"auto, (max-width: 300px) 100vw, 300px\" \/><\/a><\/p>\n","protected":false},"excerpt":{"rendered":"<p>Avui hem gaudit de la visita d&#8217;alguns dels m\u00fasics de la Jove Orquestra de Ponent (JOP). Durant la visita hem pogut escoltar i aprendre moltes coses del viol\u00ed, el violoncel, l&#8217;obo\u00e8, el corn angl\u00e8s i la trompa i fins i tot, els hem pogut tocar!<br \/>\nHa&hellip;  <a href=\"https:\/\/agora.xtec.cat\/escolamestralvilanova\/infantil\/ens-visiten-els-musics-de-la-jop\/\" title=\"Read ENS VISITEN ELS M\u00daSICS DE LA JOP\">Llegeix m\u00e9s\u00bb<\/a><\/p>\n","protected":false},"author":1,"featured_media":0,"comment_status":"open","ping_status":"closed","sticky":false,"template":"","format":"standard","meta":{"_bbp_topic_count":0,"_bbp_reply_count":0,"_bbp_total_topic_count":0,"_bbp_total_reply_count":0,"_bbp_voice_count":0,"_bbp_anonymous_reply_count":0,"_bbp_topic_count_hidden":0,"_bbp_reply_count_hidden":0,"_bbp_forum_subforum_count":0,"footnotes":""},"categories":[13,11,12,15,3,14,8,9,10,2,53,4,5],"tags":[],"class_list":["post-982","post","type-post","status-publish","format-standard","hentry","category-cinque","category-cicle-inicial","category-tercer-quart","category-cicle-superior","category-ei3-ei4-ei5","category-ei1-ei2","category-ei4","category-ei5","category-ei5-primer","category-infantil","category-lespai-musical","category-portada","category-primaria"],"post_mailing_queue_ids":[],"_links":{"self":[{"href":"https:\/\/agora.xtec.cat\/escolamestralvilanova\/wp-json\/wp\/v2\/posts\/982","targetHints":{"allow":["GET"]}}],"collection":[{"href":"https:\/\/agora.xtec.cat\/escolamestralvilanova\/wp-json\/wp\/v2\/posts"}],"about":[{"href":"https:\/\/agora.xtec.cat\/escolamestralvilanova\/wp-json\/wp\/v2\/types\/post"}],"author":[{"embeddable":true,"href":"https:\/\/agora.xtec.cat\/escolamestralvilanova\/wp-json\/wp\/v2\/users\/1"}],"replies":[{"embeddable":true,"href":"https:\/\/agora.xtec.cat\/escolamestralvilanova\/wp-json\/wp\/v2\/comments?post=982"}],"version-history":[{"count":3,"href":"https:\/\/agora.xtec.cat\/escolamestralvilanova\/wp-json\/wp\/v2\/posts\/982\/revisions"}],"predecessor-version":[{"id":997,"href":"https:\/\/agora.xtec.cat\/escolamestralvilanova\/wp-json\/wp\/v2\/posts\/982\/revisions\/997"}],"wp:attachment":[{"href":"https:\/\/agora.xtec.cat\/escolamestralvilanova\/wp-json\/wp\/v2\/media?parent=982"}],"wp:term":[{"taxonomy":"category","embeddable":true,"href":"https:\/\/agora.xtec.cat\/escolamestralvilanova\/wp-json\/wp\/v2\/categories?post=982"},{"taxonomy":"post_tag","embeddable":true,"href":"https:\/\/agora.xtec.cat\/escolamestralvilanova\/wp-json\/wp\/v2\/tags?post=982"}],"curies":[{"name":"wp","href":"https:\/\/api.w.org\/{rel}","templated":true}]}}