{"id":9807,"date":"2025-04-25T12:53:23","date_gmt":"2025-04-25T10:53:23","guid":{"rendered":"https:\/\/agora.xtec.cat\/escolamestralvilanova\/?p=9807"},"modified":"2025-04-25T13:32:42","modified_gmt":"2025-04-25T11:32:42","slug":"mercat-de-primavera-4","status":"publish","type":"post","link":"https:\/\/agora.xtec.cat\/escolamestralvilanova\/infantil\/mercat-de-primavera-4\/","title":{"rendered":"MERCAT DE PRIMAVERA"},"content":{"rendered":"<p style=\"font-weight: 400; text-align: justify;\">Arribada la\u00a0Primavera, \u00e9s el moment de preparar una nova edici\u00f3 del mercat de l\u2019escola, \u00e9s per aquest motiu que al llarg dels darrers dies\u00a0tots els i les alumnes hem estat confeccionat un producte per ser venut.<\/p>\n<p style=\"font-weight: 400; text-align: justify;\"><strong>Aix\u00ed, avui divendres 25 d&#8217;abril, a partir de les 16 hores, es posaran a la venta galetes de xocolata a un preu de 2\u20ac al pati de l&#8217;escola.<\/strong><\/p>\n<p style=\"font-weight: 400; text-align: justify;\">La recaptaci\u00f3 es destinar\u00e0 a la subvenci\u00f3\u00a0d&#8217;activitats pedag\u00f2giques que es realitzin al llarg\u00a0del\u00a0curs.<\/p>\n<ul>\n<li><a href=\"https:\/\/photos.app.goo.gl\/juEWpmwCpXGpAEFm6\">ENLLA\u00c7 AL V\u00cdDEO<\/a><\/li>\n<\/ul>\n<p><a href=\"https:\/\/photos.app.goo.gl\/juEWpmwCpXGpAEFm6\"><img loading=\"lazy\" decoding=\"async\" class=\"alignnone size-medium wp-image-9808\" src=\"https:\/\/agora.xtec.cat\/escolamestralvilanova\/wp-content\/uploads\/usu729\/2025\/04\/PREGO-300x171.png\" alt=\"\" width=\"300\" height=\"171\" srcset=\"https:\/\/agora.xtec.cat\/escolamestralvilanova\/wp-content\/uploads\/usu729\/2025\/04\/PREGO-300x171.png 300w, https:\/\/agora.xtec.cat\/escolamestralvilanova\/wp-content\/uploads\/usu729\/2025\/04\/PREGO-768x438.png 768w, https:\/\/agora.xtec.cat\/escolamestralvilanova\/wp-content\/uploads\/usu729\/2025\/04\/PREGO.png 848w\" sizes=\"auto, (max-width: 300px) 100vw, 300px\" \/><\/a><\/p>\n","protected":false},"excerpt":{"rendered":"<p>Arribada la\u00a0Primavera, \u00e9s el moment de preparar una nova edici\u00f3 del mercat de l\u2019escola, \u00e9s per aquest motiu que al llarg dels darrers dies\u00a0tots els i les alumnes hem estat confeccionat un producte per ser venut.<br \/>\nAix\u00ed, avui divendres 25 d&#8217;abril, a partir de les 16&hellip;  <a href=\"https:\/\/agora.xtec.cat\/escolamestralvilanova\/infantil\/mercat-de-primavera-4\/\" title=\"Read MERCAT DE PRIMAVERA\">Llegeix m\u00e9s\u00bb<\/a><\/p>\n","protected":false},"author":1,"featured_media":0,"comment_status":"open","ping_status":"closed","sticky":false,"template":"","format":"standard","meta":{"_bbp_topic_count":0,"_bbp_reply_count":0,"_bbp_total_topic_count":0,"_bbp_total_reply_count":0,"_bbp_voice_count":0,"_bbp_anonymous_reply_count":0,"_bbp_topic_count_hidden":0,"_bbp_reply_count_hidden":0,"_bbp_forum_subforum_count":0,"footnotes":""},"categories":[2,4,5],"tags":[],"class_list":["post-9807","post","type-post","status-publish","format-standard","hentry","category-infantil","category-portada","category-primaria"],"post_mailing_queue_ids":[],"_links":{"self":[{"href":"https:\/\/agora.xtec.cat\/escolamestralvilanova\/wp-json\/wp\/v2\/posts\/9807","targetHints":{"allow":["GET"]}}],"collection":[{"href":"https:\/\/agora.xtec.cat\/escolamestralvilanova\/wp-json\/wp\/v2\/posts"}],"about":[{"href":"https:\/\/agora.xtec.cat\/escolamestralvilanova\/wp-json\/wp\/v2\/types\/post"}],"author":[{"embeddable":true,"href":"https:\/\/agora.xtec.cat\/escolamestralvilanova\/wp-json\/wp\/v2\/users\/1"}],"replies":[{"embeddable":true,"href":"https:\/\/agora.xtec.cat\/escolamestralvilanova\/wp-json\/wp\/v2\/comments?post=9807"}],"version-history":[{"count":2,"href":"https:\/\/agora.xtec.cat\/escolamestralvilanova\/wp-json\/wp\/v2\/posts\/9807\/revisions"}],"predecessor-version":[{"id":9810,"href":"https:\/\/agora.xtec.cat\/escolamestralvilanova\/wp-json\/wp\/v2\/posts\/9807\/revisions\/9810"}],"wp:attachment":[{"href":"https:\/\/agora.xtec.cat\/escolamestralvilanova\/wp-json\/wp\/v2\/media?parent=9807"}],"wp:term":[{"taxonomy":"category","embeddable":true,"href":"https:\/\/agora.xtec.cat\/escolamestralvilanova\/wp-json\/wp\/v2\/categories?post=9807"},{"taxonomy":"post_tag","embeddable":true,"href":"https:\/\/agora.xtec.cat\/escolamestralvilanova\/wp-json\/wp\/v2\/tags?post=9807"}],"curies":[{"name":"wp","href":"https:\/\/api.w.org\/{rel}","templated":true}]}}