{"id":9797,"date":"2025-04-22T14:00:42","date_gmt":"2025-04-22T12:00:42","guid":{"rendered":"https:\/\/agora.xtec.cat\/escolamestralvilanova\/?p=9797"},"modified":"2025-04-22T14:00:42","modified_gmt":"2025-04-22T12:00:42","slug":"sant-jordi-2025","status":"publish","type":"post","link":"https:\/\/agora.xtec.cat\/escolamestralvilanova\/infantil\/sant-jordi-2025\/","title":{"rendered":"SANT JORDI 2025"},"content":{"rendered":"<p style=\"text-align: justify;\">S&#8217;acosta Sant Jordi i ens fa molta il\u00b7lusi\u00f3 compartir amb vosaltres la planificaci\u00f3 de les activitats que tenim preparades per la setmana de Sant Jordi.<\/p>\n<ul>\n<li><span style=\"color: #99cc00;\"><strong>\u201cConta\u2019m un conte\u201d<\/strong>\u00a0<\/span><\/li>\n<\/ul>\n<p style=\"text-align: justify;\">Com ja sabeu&#8230;, ens agraden molt els contes! Per aix\u00f2, durant\u00a0<strong>el dimecres\u00a023 i el dijous 24<\/strong>, fam\u00edlies volunt\u00e0ries, aprenents de l\u2019escola i mestres ens explicaran\u00a0contes als diferents grups de l\u2019escola.<\/p>\n<ul>\n<li><span style=\"color: #ff0000;\"><strong>Mercat de\u00a0Primavera<\/strong><\/span><\/li>\n<\/ul>\n<p style=\"text-align: justify;\">Arribada la\u00a0Primavera, \u00e9s el moment de preparar una nova edici\u00f3 del mercat de l\u2019escola, \u00e9s per aquest motiu que al llarg dels darrers dies\u00a0tots els i les alumnes hem estat confeccionat un producte per ser venut.<\/p>\n<p style=\"text-align: justify;\"><strong>Aix\u00ed, el divendres 25 d&#8217;abril, a partir de les 16 hores, es posaran a la venta galetes de xocolata\u00a0a un preu de 2\u20ac.<\/strong><\/p>\n<p style=\"text-align: justify;\">La recaptaci\u00f3 es destinar\u00e0 a la subvenci\u00f3\u00a0d&#8217;activitats pedag\u00f2giques que es realitzin al llarg\u00a0del\u00a0curs.<\/p>\n<p style=\"text-align: justify;\"><strong>A la p\u00e0gina web de l&#8217;escola trobareu penjat el v\u00eddeo del preg\u00f3\u00a0que faran els alumnes de CS\u00a0el proper divendres\u00a0al mat\u00ed.<\/strong><\/p>\n<ul>\n<li><span style=\"color: #ffcc00;\"><strong>La reviscola\u00a0<\/strong><\/span><\/li>\n<\/ul>\n<p style=\"text-align: justify;\">La nostra ZER aquest curs s\u2019ha iniciat a la Xarxa d\u2019Escoles restauratives de Catalunya.<\/p>\n<p style=\"text-align: justify;\">L\u2019enfocament restauratiu a l\u2019escola es fonamenta en els valors del respecte, la inclusi\u00f3, la participaci\u00f3, la no-viol\u00e8ncia, l\u2019honestedat, la difer\u00e8ncia, la col\u00b7laboraci\u00f3, la responsabilitzaci\u00f3 i la reparaci\u00f3, i s\u2019orienta cap a les necessitats dels infants del nostre centre.<\/p>\n<p style=\"text-align: justify;\">Aquest any al nostre projecte d\u2019escola hem treballat els 5 principis restauratius de Belinda Hopkins que regeixen l\u2019Escola Restaurativa.<\/p>\n<p style=\"text-align: justify;\">La Reviscola \u00e9s una mostra de com hem treballat aquests 5 principis a cada aula i com tenir-los presents per tal de fomentar la conviv\u00e8ncia i el respecte en el nostre dia a dia.<\/p>\n<hr \/>\n<p style=\"text-align: justify;\">Aprofitem el correu per informar que l<strong>&#8216;AFA de l&#8217;escola i de la Llar<\/strong>\u00a0tamb\u00e9 ha organitzat un seguit d&#8217;activitats:<\/p>\n<ul>\n<li><span style=\"color: #99cc00;\"><strong>Venta de llibres i roses<\/strong><\/span><\/li>\n<\/ul>\n<p style=\"text-align: justify;\">El mateix dia de Sant Jordi, des de les 7 hores i durant tot el mat\u00ed, vendran roses i llibres\u00a0al carrer Carretera (costat de la parada de l&#8217;autocar).<\/p>\n<p style=\"text-align: justify;\">A la tarda la parada de llibres la podreu trobar al pati de l&#8217;escola.<\/p>\n<ul>\n<li><span style=\"color: #ff0000;\"><strong>Dissabte 26 d&#8217;abril (tarda)<\/strong><\/span><\/li>\n<\/ul>\n<p style=\"text-align: justify;\">Durant la tarda del dissabte 26 d&#8217;abril, a la pla\u00e7a Major, hi hauran inflables i berenar per als infants. Tamb\u00e9 hi haur\u00e0\u00a0venda de llibres i servei de barra.<\/p>\n<p style=\"text-align: justify;\">Esperem passar un bon Sant Jordi plegats!<\/p>\n<p><img loading=\"lazy\" decoding=\"async\" class=\"alignnone wp-image-9798 size-medium\" src=\"https:\/\/agora.xtec.cat\/escolamestralvilanova\/wp-content\/uploads\/usu729\/2025\/04\/Cartell-Felic-diada-de-Sant-Jordi-Tradicional-Vermell-i-Verd-212x300.png\" alt=\"\" width=\"212\" height=\"300\" srcset=\"https:\/\/agora.xtec.cat\/escolamestralvilanova\/wp-content\/uploads\/usu729\/2025\/04\/Cartell-Felic-diada-de-Sant-Jordi-Tradicional-Vermell-i-Verd-212x300.png 212w, https:\/\/agora.xtec.cat\/escolamestralvilanova\/wp-content\/uploads\/usu729\/2025\/04\/Cartell-Felic-diada-de-Sant-Jordi-Tradicional-Vermell-i-Verd-724x1024.png 724w, https:\/\/agora.xtec.cat\/escolamestralvilanova\/wp-content\/uploads\/usu729\/2025\/04\/Cartell-Felic-diada-de-Sant-Jordi-Tradicional-Vermell-i-Verd-768x1086.png 768w, https:\/\/agora.xtec.cat\/escolamestralvilanova\/wp-content\/uploads\/usu729\/2025\/04\/Cartell-Felic-diada-de-Sant-Jordi-Tradicional-Vermell-i-Verd-1086x1536.png 1086w, https:\/\/agora.xtec.cat\/escolamestralvilanova\/wp-content\/uploads\/usu729\/2025\/04\/Cartell-Felic-diada-de-Sant-Jordi-Tradicional-Vermell-i-Verd.png 1414w\" sizes=\"auto, (max-width: 212px) 100vw, 212px\" \/><\/p>\n","protected":false},"excerpt":{"rendered":"<p>S&#8217;acosta Sant Jordi i ens fa molta il\u00b7lusi\u00f3 compartir amb vosaltres la planificaci\u00f3 de les activitats que tenim preparades per la setmana de Sant Jordi.<\/p>\n<ul>\n<li>\u201cConta\u2019m un conte\u201d\u00a0<\/li>\n<\/ul>\n<p>Com ja sabeu&#8230;, ens agraden molt els contes! Per aix\u00f2, durant\u00a0el dimecres\u00a023 i el dijous 24, fam\u00edlies volunt\u00e0ries, aprenents&hellip;  <a href=\"https:\/\/agora.xtec.cat\/escolamestralvilanova\/infantil\/sant-jordi-2025\/\" title=\"Read SANT JORDI 2025\">Llegeix m\u00e9s\u00bb<\/a><\/p>\n","protected":false},"author":1,"featured_media":0,"comment_status":"open","ping_status":"closed","sticky":false,"template":"","format":"standard","meta":{"_bbp_topic_count":0,"_bbp_reply_count":0,"_bbp_total_topic_count":0,"_bbp_total_reply_count":0,"_bbp_voice_count":0,"_bbp_anonymous_reply_count":0,"_bbp_topic_count_hidden":0,"_bbp_reply_count_hidden":0,"_bbp_forum_subforum_count":0,"footnotes":""},"categories":[2,4,5],"tags":[],"class_list":["post-9797","post","type-post","status-publish","format-standard","hentry","category-infantil","category-portada","category-primaria"],"post_mailing_queue_ids":[],"_links":{"self":[{"href":"https:\/\/agora.xtec.cat\/escolamestralvilanova\/wp-json\/wp\/v2\/posts\/9797","targetHints":{"allow":["GET"]}}],"collection":[{"href":"https:\/\/agora.xtec.cat\/escolamestralvilanova\/wp-json\/wp\/v2\/posts"}],"about":[{"href":"https:\/\/agora.xtec.cat\/escolamestralvilanova\/wp-json\/wp\/v2\/types\/post"}],"author":[{"embeddable":true,"href":"https:\/\/agora.xtec.cat\/escolamestralvilanova\/wp-json\/wp\/v2\/users\/1"}],"replies":[{"embeddable":true,"href":"https:\/\/agora.xtec.cat\/escolamestralvilanova\/wp-json\/wp\/v2\/comments?post=9797"}],"version-history":[{"count":1,"href":"https:\/\/agora.xtec.cat\/escolamestralvilanova\/wp-json\/wp\/v2\/posts\/9797\/revisions"}],"predecessor-version":[{"id":9799,"href":"https:\/\/agora.xtec.cat\/escolamestralvilanova\/wp-json\/wp\/v2\/posts\/9797\/revisions\/9799"}],"wp:attachment":[{"href":"https:\/\/agora.xtec.cat\/escolamestralvilanova\/wp-json\/wp\/v2\/media?parent=9797"}],"wp:term":[{"taxonomy":"category","embeddable":true,"href":"https:\/\/agora.xtec.cat\/escolamestralvilanova\/wp-json\/wp\/v2\/categories?post=9797"},{"taxonomy":"post_tag","embeddable":true,"href":"https:\/\/agora.xtec.cat\/escolamestralvilanova\/wp-json\/wp\/v2\/tags?post=9797"}],"curies":[{"name":"wp","href":"https:\/\/api.w.org\/{rel}","templated":true}]}}