{"id":9795,"date":"2025-04-23T15:00:28","date_gmt":"2025-04-23T13:00:28","guid":{"rendered":"https:\/\/agora.xtec.cat\/escolamestralvilanova\/?p=9795"},"modified":"2025-04-22T13:54:17","modified_gmt":"2025-04-22T11:54:17","slug":"sant-jordi-la-reviscola","status":"publish","type":"post","link":"https:\/\/agora.xtec.cat\/escolamestralvilanova\/infantil\/sant-jordi-la-reviscola\/","title":{"rendered":"SANT JORDI: LA REVISCOLA"},"content":{"rendered":"<p style=\"font-weight: 400; text-align: justify;\">La nostra ZER aquest curs s\u2019ha iniciat a la Xarxa d\u2019Escoles Restauratives de Catalunya.<\/p>\n<p style=\"font-weight: 400; text-align: justify;\">L\u2019enfocament restauratiu a l\u2019escola es fonamenta en els valors del respecte, la inclusi\u00f3, la participaci\u00f3, la no-viol\u00e8ncia, l\u2019honestedat, la difer\u00e8ncia, la col\u00b7laboraci\u00f3, la responsabilitzaci\u00f3 i la reparaci\u00f3, i s\u2019orienta cap a les necessitats dels infants del nostre centre.<\/p>\n<p style=\"font-weight: 400; text-align: justify;\">Aquest any al nostre projecte d\u2019escola hem treballat els 5 principis restauratius de Belinda Hopkins que regeixen l\u2019Escola Restaurativa.<\/p>\n<p style=\"font-weight: 400; text-align: justify;\">La Reviscola \u00e9s una mostra de com hem treballat aquests 5 principis a cada aula i com tenir-los presents per tal de fomentar la conviv\u00e8ncia i el respecte en el nostre dia a dia.<\/p>\n<ul style=\"font-weight: 400;\">\n<li><a href=\"https:\/\/www.flipsnack.com\/AFF9C666AED\/la-reviscola-2025\/full-view.html\" data-saferedirecturl=\"https:\/\/www.google.com\/url?q=https:\/\/www.flipsnack.com\/AFF9C666AED\/la-reviscola-2025\/full-view.html&amp;source=gmail&amp;ust=1745409203274000&amp;usg=AOvVaw15Ju8qoYGgiEKB2iToCihf\">ENLLA\u00c7 A LA REVISTA<\/a><\/li>\n<\/ul>\n<p><a href=\"https:\/\/www.flipsnack.com\/AFF9C666AED\/la-reviscola-2025\/full-view.html\"><img loading=\"lazy\" decoding=\"async\" class=\"alignnone size-medium wp-image-9793\" src=\"https:\/\/agora.xtec.cat\/escolamestralvilanova\/wp-content\/uploads\/usu729\/2025\/04\/reviscola-212x300.png\" alt=\"\" width=\"212\" height=\"300\" srcset=\"https:\/\/agora.xtec.cat\/escolamestralvilanova\/wp-content\/uploads\/usu729\/2025\/04\/reviscola-212x300.png 212w, https:\/\/agora.xtec.cat\/escolamestralvilanova\/wp-content\/uploads\/usu729\/2025\/04\/reviscola.png 375w\" sizes=\"auto, (max-width: 212px) 100vw, 212px\" \/><\/a><\/p>\n<p style=\"font-weight: 400;\">Esperem que us agradi!<\/p>\n","protected":false},"excerpt":{"rendered":"<p>La nostra ZER aquest curs s\u2019ha iniciat a la Xarxa d\u2019Escoles Restauratives de Catalunya.<br \/>\nL\u2019enfocament restauratiu a l\u2019escola es fonamenta en els valors del respecte, la inclusi\u00f3, la participaci\u00f3, la no-viol\u00e8ncia, l\u2019honestedat, la difer\u00e8ncia, la col\u00b7laboraci\u00f3, la responsabilitzaci\u00f3 i la reparaci\u00f3, i s\u2019orienta cap a les&hellip;  <a href=\"https:\/\/agora.xtec.cat\/escolamestralvilanova\/infantil\/sant-jordi-la-reviscola\/\" title=\"Read SANT JORDI: LA REVISCOLA\">Llegeix m\u00e9s\u00bb<\/a><\/p>\n","protected":false},"author":1,"featured_media":0,"comment_status":"open","ping_status":"closed","sticky":false,"template":"","format":"standard","meta":{"_bbp_topic_count":0,"_bbp_reply_count":0,"_bbp_total_topic_count":0,"_bbp_total_reply_count":0,"_bbp_voice_count":0,"_bbp_anonymous_reply_count":0,"_bbp_topic_count_hidden":0,"_bbp_reply_count_hidden":0,"_bbp_forum_subforum_count":0,"footnotes":""},"categories":[2,4,5],"tags":[],"class_list":["post-9795","post","type-post","status-publish","format-standard","hentry","category-infantil","category-portada","category-primaria"],"post_mailing_queue_ids":[],"_links":{"self":[{"href":"https:\/\/agora.xtec.cat\/escolamestralvilanova\/wp-json\/wp\/v2\/posts\/9795","targetHints":{"allow":["GET"]}}],"collection":[{"href":"https:\/\/agora.xtec.cat\/escolamestralvilanova\/wp-json\/wp\/v2\/posts"}],"about":[{"href":"https:\/\/agora.xtec.cat\/escolamestralvilanova\/wp-json\/wp\/v2\/types\/post"}],"author":[{"embeddable":true,"href":"https:\/\/agora.xtec.cat\/escolamestralvilanova\/wp-json\/wp\/v2\/users\/1"}],"replies":[{"embeddable":true,"href":"https:\/\/agora.xtec.cat\/escolamestralvilanova\/wp-json\/wp\/v2\/comments?post=9795"}],"version-history":[{"count":1,"href":"https:\/\/agora.xtec.cat\/escolamestralvilanova\/wp-json\/wp\/v2\/posts\/9795\/revisions"}],"predecessor-version":[{"id":9796,"href":"https:\/\/agora.xtec.cat\/escolamestralvilanova\/wp-json\/wp\/v2\/posts\/9795\/revisions\/9796"}],"wp:attachment":[{"href":"https:\/\/agora.xtec.cat\/escolamestralvilanova\/wp-json\/wp\/v2\/media?parent=9795"}],"wp:term":[{"taxonomy":"category","embeddable":true,"href":"https:\/\/agora.xtec.cat\/escolamestralvilanova\/wp-json\/wp\/v2\/categories?post=9795"},{"taxonomy":"post_tag","embeddable":true,"href":"https:\/\/agora.xtec.cat\/escolamestralvilanova\/wp-json\/wp\/v2\/tags?post=9795"}],"curies":[{"name":"wp","href":"https:\/\/api.w.org\/{rel}","templated":true}]}}