{"id":979,"date":"2018-11-27T12:05:27","date_gmt":"2018-11-27T11:05:27","guid":{"rendered":"http:\/\/agora.xtec.cat\/escolamestralvilanova\/?p=979"},"modified":"2018-11-24T13:49:57","modified_gmt":"2018-11-24T12:49:57","slug":"llegim","status":"publish","type":"post","link":"https:\/\/agora.xtec.cat\/escolamestralvilanova\/portada\/llegim\/","title":{"rendered":"LLEGIM!"},"content":{"rendered":"<p>Els alumnes de quart estem llegint el llibre de &#8220;Charlie i la f\u00e0brica de xocolata&#8221; de l&#8217;autor Roald Dahl. Tenim un exemplar per alumne que hem agafat en pr\u00e9stec del CRP (Centre de Recursos Pedag\u00f2gics) de Lleida. En fem una lectura col\u00b7lectiva i realitzem activitats motivadores que ens van acompanyant cap\u00edtol a cap\u00edtol.<\/p>\n<p>Ens est\u00e0 encantant!<\/p>\n<ul>\n<li><a href=\"https:\/\/photos.app.goo.gl\/VgBpdfXYdCAyrPdcA\">ENLLA\u00c7 A LES FOTOGRAFIES<\/a><\/li>\n<\/ul>\n<p><a href=\"https:\/\/agora.xtec.cat\/escolamestralvilanova\/wp-content\/uploads\/usu729\/2018\/11\/imatge.png\"><img loading=\"lazy\" decoding=\"async\" class=\"alignnone wp-image-980 size-medium\" src=\"https:\/\/agora.xtec.cat\/escolamestralvilanova\/wp-content\/uploads\/usu729\/2018\/11\/imatge-225x300.png\" alt=\"\" width=\"225\" height=\"300\" srcset=\"https:\/\/agora.xtec.cat\/escolamestralvilanova\/wp-content\/uploads\/usu729\/2018\/11\/imatge-225x300.png 225w, https:\/\/agora.xtec.cat\/escolamestralvilanova\/wp-content\/uploads\/usu729\/2018\/11\/imatge.png 480w\" sizes=\"auto, (max-width: 225px) 100vw, 225px\" \/><\/a><\/p>\n","protected":false},"excerpt":{"rendered":"<p>Els alumnes de quart estem llegint el llibre de &#8220;Charlie i la f\u00e0brica de xocolata&#8221; de l&#8217;autor Roald Dahl. Tenim un exemplar per alumne que hem agafat en pr\u00e9stec del CRP (Centre de Recursos Pedag\u00f2gics) de Lleida. En fem una lectura col\u00b7lectiva i realitzem activitats&hellip;  <a href=\"https:\/\/agora.xtec.cat\/escolamestralvilanova\/portada\/llegim\/\" title=\"Read LLEGIM!\">Llegeix m\u00e9s\u00bb<\/a><\/p>\n","protected":false},"author":1,"featured_media":0,"comment_status":"open","ping_status":"closed","sticky":false,"template":"","format":"standard","meta":{"_bbp_topic_count":0,"_bbp_reply_count":0,"_bbp_total_topic_count":0,"_bbp_total_reply_count":0,"_bbp_voice_count":0,"_bbp_anonymous_reply_count":0,"_bbp_topic_count_hidden":0,"_bbp_reply_count_hidden":0,"_bbp_forum_subforum_count":0,"footnotes":""},"categories":[13,52,4,5],"tags":[],"class_list":["post-979","post","type-post","status-publish","format-standard","hentry","category-cinque","category-llegim","category-portada","category-primaria"],"post_mailing_queue_ids":[],"_links":{"self":[{"href":"https:\/\/agora.xtec.cat\/escolamestralvilanova\/wp-json\/wp\/v2\/posts\/979","targetHints":{"allow":["GET"]}}],"collection":[{"href":"https:\/\/agora.xtec.cat\/escolamestralvilanova\/wp-json\/wp\/v2\/posts"}],"about":[{"href":"https:\/\/agora.xtec.cat\/escolamestralvilanova\/wp-json\/wp\/v2\/types\/post"}],"author":[{"embeddable":true,"href":"https:\/\/agora.xtec.cat\/escolamestralvilanova\/wp-json\/wp\/v2\/users\/1"}],"replies":[{"embeddable":true,"href":"https:\/\/agora.xtec.cat\/escolamestralvilanova\/wp-json\/wp\/v2\/comments?post=979"}],"version-history":[{"count":1,"href":"https:\/\/agora.xtec.cat\/escolamestralvilanova\/wp-json\/wp\/v2\/posts\/979\/revisions"}],"predecessor-version":[{"id":981,"href":"https:\/\/agora.xtec.cat\/escolamestralvilanova\/wp-json\/wp\/v2\/posts\/979\/revisions\/981"}],"wp:attachment":[{"href":"https:\/\/agora.xtec.cat\/escolamestralvilanova\/wp-json\/wp\/v2\/media?parent=979"}],"wp:term":[{"taxonomy":"category","embeddable":true,"href":"https:\/\/agora.xtec.cat\/escolamestralvilanova\/wp-json\/wp\/v2\/categories?post=979"},{"taxonomy":"post_tag","embeddable":true,"href":"https:\/\/agora.xtec.cat\/escolamestralvilanova\/wp-json\/wp\/v2\/tags?post=979"}],"curies":[{"name":"wp","href":"https:\/\/api.w.org\/{rel}","templated":true}]}}