{"id":9775,"date":"2025-04-10T12:37:25","date_gmt":"2025-04-10T10:37:25","guid":{"rendered":"https:\/\/agora.xtec.cat\/escolamestralvilanova\/?p=9775"},"modified":"2025-04-10T12:37:25","modified_gmt":"2025-04-10T10:37:25","slug":"exposicio-a-lajuntament","status":"publish","type":"post","link":"https:\/\/agora.xtec.cat\/escolamestralvilanova\/infantil\/exposicio-a-lajuntament\/","title":{"rendered":"EXPOSICI\u00d3 A L&#8217;AJUNTAMENT"},"content":{"rendered":"<p style=\"text-align: justify;\">Durant el dia d&#8217;avui, tots els alumnes de l&#8217;escola hem visitat la sala de plens de l&#8217;Ajuntament per veure exposades les obres dels guanyadors del premi d&#8217;il\u00b7lustraci\u00f3 del Segri\u00e0. S\u00f3n il\u00b7lustracions fetes a partir d&#8217;un poema titulat <em>Estovalles.<\/em><\/p>\n<ul>\n<li><a href=\"https:\/\/photos.app.goo.gl\/AKY6AE584sXWJUsJA\">ENLLA\u00c7 A LES FOTOGRAFIES<\/a><\/li>\n<\/ul>\n<p><a href=\"https:\/\/photos.app.goo.gl\/AKY6AE584sXWJUsJA\"><img loading=\"lazy\" decoding=\"async\" class=\"alignnone size-medium wp-image-9776\" src=\"https:\/\/agora.xtec.cat\/escolamestralvilanova\/wp-content\/uploads\/usu729\/2025\/04\/WEB2-300x131.png\" alt=\"\" width=\"300\" height=\"131\" srcset=\"https:\/\/agora.xtec.cat\/escolamestralvilanova\/wp-content\/uploads\/usu729\/2025\/04\/WEB2-300x131.png 300w, https:\/\/agora.xtec.cat\/escolamestralvilanova\/wp-content\/uploads\/usu729\/2025\/04\/WEB2-1024x446.png 1024w, https:\/\/agora.xtec.cat\/escolamestralvilanova\/wp-content\/uploads\/usu729\/2025\/04\/WEB2-768x335.png 768w, https:\/\/agora.xtec.cat\/escolamestralvilanova\/wp-content\/uploads\/usu729\/2025\/04\/WEB2.png 1104w\" sizes=\"auto, (max-width: 300px) 100vw, 300px\" \/><\/a><\/p>\n","protected":false},"excerpt":{"rendered":"<p>Durant el dia d&#8217;avui, tots els alumnes de l&#8217;escola hem visitat la sala de plens de l&#8217;Ajuntament per veure exposades les obres dels guanyadors del premi d&#8217;il\u00b7lustraci\u00f3 del Segri\u00e0. S\u00f3n il\u00b7lustracions fetes a partir d&#8217;un poema titulat Estovalles.<\/p>\n<ul>\n<li><a href=\"https:\/\/photos.app.goo.gl\/AKY6AE584sXWJUsJA\">ENLLA\u00c7 A LES FOTOGRAFIES<\/a><\/li>\n<\/ul>\n<p><a href=\"https:\/\/photos.app.goo.gl\/AKY6AE584sXWJUsJA\"><\/a><\/p>\n","protected":false},"author":1,"featured_media":0,"comment_status":"open","ping_status":"closed","sticky":false,"template":"","format":"standard","meta":{"_bbp_topic_count":0,"_bbp_reply_count":0,"_bbp_total_topic_count":0,"_bbp_total_reply_count":0,"_bbp_voice_count":0,"_bbp_anonymous_reply_count":0,"_bbp_topic_count_hidden":0,"_bbp_reply_count_hidden":0,"_bbp_forum_subforum_count":0,"footnotes":""},"categories":[2,4,5],"tags":[],"class_list":["post-9775","post","type-post","status-publish","format-standard","hentry","category-infantil","category-portada","category-primaria"],"post_mailing_queue_ids":[],"_links":{"self":[{"href":"https:\/\/agora.xtec.cat\/escolamestralvilanova\/wp-json\/wp\/v2\/posts\/9775","targetHints":{"allow":["GET"]}}],"collection":[{"href":"https:\/\/agora.xtec.cat\/escolamestralvilanova\/wp-json\/wp\/v2\/posts"}],"about":[{"href":"https:\/\/agora.xtec.cat\/escolamestralvilanova\/wp-json\/wp\/v2\/types\/post"}],"author":[{"embeddable":true,"href":"https:\/\/agora.xtec.cat\/escolamestralvilanova\/wp-json\/wp\/v2\/users\/1"}],"replies":[{"embeddable":true,"href":"https:\/\/agora.xtec.cat\/escolamestralvilanova\/wp-json\/wp\/v2\/comments?post=9775"}],"version-history":[{"count":1,"href":"https:\/\/agora.xtec.cat\/escolamestralvilanova\/wp-json\/wp\/v2\/posts\/9775\/revisions"}],"predecessor-version":[{"id":9777,"href":"https:\/\/agora.xtec.cat\/escolamestralvilanova\/wp-json\/wp\/v2\/posts\/9775\/revisions\/9777"}],"wp:attachment":[{"href":"https:\/\/agora.xtec.cat\/escolamestralvilanova\/wp-json\/wp\/v2\/media?parent=9775"}],"wp:term":[{"taxonomy":"category","embeddable":true,"href":"https:\/\/agora.xtec.cat\/escolamestralvilanova\/wp-json\/wp\/v2\/categories?post=9775"},{"taxonomy":"post_tag","embeddable":true,"href":"https:\/\/agora.xtec.cat\/escolamestralvilanova\/wp-json\/wp\/v2\/tags?post=9775"}],"curies":[{"name":"wp","href":"https:\/\/api.w.org\/{rel}","templated":true}]}}