{"id":9770,"date":"2025-04-10T12:28:25","date_gmt":"2025-04-10T10:28:25","guid":{"rendered":"https:\/\/agora.xtec.cat\/escolamestralvilanova\/?p=9770"},"modified":"2025-04-10T12:28:55","modified_gmt":"2025-04-10T10:28:55","slug":"activitats-educacio-infantil","status":"publish","type":"post","link":"https:\/\/agora.xtec.cat\/escolamestralvilanova\/infantil\/activitats-educacio-infantil\/","title":{"rendered":"ACTIVITATS EDUCACI\u00d3 INFANTIL"},"content":{"rendered":"<div class=\"adn ads\" data-message-id=\"#msg-f:1829008038119601646\" data-legacy-message-id=\"1961f11ec373f5ee\">\n<div class=\"gs\">\n<div class=\"\">\n<div id=\":1ca\" class=\"ii gt\">\n<div id=\":1cb\" class=\"a3s aiL \">\n<p dir=\"ltr\" style=\"text-align: justify;\">Amb aquest article us compartim les fotos de l\u2019Aprenc d&#8217;educaci\u00f3 infantil del 2n trimestre i tamb\u00e9 de pl\u00e0stica, on hem treballat l&#8217;artista William Kentridge:<\/p>\n<ul>\n<li><a href=\"https:\/\/photos.app.goo.gl\/mehnzFxvuNjcJmkE8\">ENLLA\u00c7 FOTOGRAFIES APRENC I3<\/a><\/li>\n<li><a href=\"https:\/\/photos.app.goo.gl\/Ngtv9A5kGJKZDoZM6\">ENLLA\u00c7 POTOGRAFIES APRENC I4 i I5<\/a><\/li>\n<li><a href=\"https:\/\/photos.app.goo.gl\/RBKC4x2kWhWayxbn7\">ENLLA\u00c7 FOTOGRAFIES PL\u00c0STICA<\/a><\/li>\n<\/ul>\n<p><img loading=\"lazy\" decoding=\"async\" class=\"alignnone wp-image-9771 size-medium\" src=\"https:\/\/agora.xtec.cat\/escolamestralvilanova\/wp-content\/uploads\/usu729\/2025\/04\/WEB-210x300.png\" alt=\"\" width=\"210\" height=\"300\" srcset=\"https:\/\/agora.xtec.cat\/escolamestralvilanova\/wp-content\/uploads\/usu729\/2025\/04\/WEB-210x300.png 210w, https:\/\/agora.xtec.cat\/escolamestralvilanova\/wp-content\/uploads\/usu729\/2025\/04\/WEB.png 484w\" sizes=\"auto, (max-width: 210px) 100vw, 210px\" \/><\/p>\n<\/div>\n<\/div>\n<\/div>\n<\/div>\n<\/div>\n<div class=\"gA gt acV\">\n<div class=\"gB xu\">\n<div class=\"ip iq\">\n<div id=\":1c9\"><\/div>\n<\/div>\n<\/div>\n<\/div>\n","protected":false},"excerpt":{"rendered":"<p>Amb aquest article us compartim les fotos de l\u2019Aprenc d&#8217;educaci\u00f3 infantil del 2n trimestre i tamb\u00e9 de pl\u00e0stica, on hem treballat l&#8217;artista William Kentridge:<\/p>\n<ul>\n<li><a href=\"https:\/\/photos.app.goo.gl\/mehnzFxvuNjcJmkE8\">ENLLA\u00c7 FOTOGRAFIES APRENC I3<\/a><\/li>\n<li><a href=\"https:\/\/photos.app.goo.gl\/Ngtv9A5kGJKZDoZM6\">ENLLA\u00c7 POTOGRAFIES APRENC I4 i I5<\/a><\/li>\n<li><a href=\"https:\/\/photos.app.goo.gl\/RBKC4x2kWhWayxbn7\">ENLLA\u00c7 FOTOGRAFIES PL\u00c0STICA<\/a><\/li>\n<\/ul>\n","protected":false},"author":1,"featured_media":0,"comment_status":"open","ping_status":"closed","sticky":false,"template":"","format":"standard","meta":{"_bbp_topic_count":0,"_bbp_reply_count":0,"_bbp_total_topic_count":0,"_bbp_total_reply_count":0,"_bbp_voice_count":0,"_bbp_anonymous_reply_count":0,"_bbp_topic_count_hidden":0,"_bbp_reply_count_hidden":0,"_bbp_forum_subforum_count":0,"footnotes":""},"categories":[2,4],"tags":[],"class_list":["post-9770","post","type-post","status-publish","format-standard","hentry","category-infantil","category-portada"],"post_mailing_queue_ids":[],"_links":{"self":[{"href":"https:\/\/agora.xtec.cat\/escolamestralvilanova\/wp-json\/wp\/v2\/posts\/9770","targetHints":{"allow":["GET"]}}],"collection":[{"href":"https:\/\/agora.xtec.cat\/escolamestralvilanova\/wp-json\/wp\/v2\/posts"}],"about":[{"href":"https:\/\/agora.xtec.cat\/escolamestralvilanova\/wp-json\/wp\/v2\/types\/post"}],"author":[{"embeddable":true,"href":"https:\/\/agora.xtec.cat\/escolamestralvilanova\/wp-json\/wp\/v2\/users\/1"}],"replies":[{"embeddable":true,"href":"https:\/\/agora.xtec.cat\/escolamestralvilanova\/wp-json\/wp\/v2\/comments?post=9770"}],"version-history":[{"count":2,"href":"https:\/\/agora.xtec.cat\/escolamestralvilanova\/wp-json\/wp\/v2\/posts\/9770\/revisions"}],"predecessor-version":[{"id":9773,"href":"https:\/\/agora.xtec.cat\/escolamestralvilanova\/wp-json\/wp\/v2\/posts\/9770\/revisions\/9773"}],"wp:attachment":[{"href":"https:\/\/agora.xtec.cat\/escolamestralvilanova\/wp-json\/wp\/v2\/media?parent=9770"}],"wp:term":[{"taxonomy":"category","embeddable":true,"href":"https:\/\/agora.xtec.cat\/escolamestralvilanova\/wp-json\/wp\/v2\/categories?post=9770"},{"taxonomy":"post_tag","embeddable":true,"href":"https:\/\/agora.xtec.cat\/escolamestralvilanova\/wp-json\/wp\/v2\/tags?post=9770"}],"curies":[{"name":"wp","href":"https:\/\/api.w.org\/{rel}","templated":true}]}}