{"id":973,"date":"2018-11-21T09:00:06","date_gmt":"2018-11-21T08:00:06","guid":{"rendered":"http:\/\/agora.xtec.cat\/escolamestralvilanova\/?p=973"},"modified":"2018-11-20T19:55:56","modified_gmt":"2018-11-20T18:55:56","slug":"taller-de-musica","status":"publish","type":"post","link":"https:\/\/agora.xtec.cat\/escolamestralvilanova\/general\/taller-de-musica\/","title":{"rendered":"TALLER DE M\u00daSICA"},"content":{"rendered":"<p>Durant el mat\u00ed d&#8217;ahir, la Maria Altadill, mestra del centre de M\u00fasica Dalcroze de Lleida, ens va oferir un taller de m\u00fasica per a cada cicle.<\/p>\n<p>Aquest taller va girar entorn a les obres que s&#8217;interpretaran al concert que la Jove Orquestra de Ponent realitzar\u00e0 el proper dissabte 24 de novembre al poble.<\/p>\n<p>Aix\u00ed, vam aprendre molt tot escoltant els fragments de les obres:<\/p>\n<p>&#8220;La Sinfonia del Nou M\u00f3n&#8221; de A.Dvorak<\/p>\n<p>&#8220;L&#8217;Intermezzo de l&#8217;\u00d2pera Goyescas&#8221; de E.Granados<\/p>\n<ul>\n<li><a href=\"https:\/\/photos.app.goo.gl\/CbysjRiQfh8hfPXWA\">ENLLA\u00c7 A LES FOTOGRAFIES<\/a><\/li>\n<\/ul>\n","protected":false},"excerpt":{"rendered":"<p>Durant el mat\u00ed d&#8217;ahir, la Maria Altadill, mestra del centre de M\u00fasica Dalcroze de Lleida, ens va oferir un taller de m\u00fasica per a cada cicle.<br \/>\nAquest taller va girar entorn a les obres que s&#8217;interpretaran al concert que la Jove Orquestra de Ponent realitzar\u00e0 el&hellip;  <a href=\"https:\/\/agora.xtec.cat\/escolamestralvilanova\/general\/taller-de-musica\/\" title=\"Read TALLER DE M\u00daSICA\">Llegeix m\u00e9s\u00bb<\/a><\/p>\n","protected":false},"author":1,"featured_media":0,"comment_status":"open","ping_status":"closed","sticky":false,"template":"","format":"standard","meta":{"_bbp_topic_count":0,"_bbp_reply_count":0,"_bbp_total_topic_count":0,"_bbp_total_reply_count":0,"_bbp_voice_count":0,"_bbp_anonymous_reply_count":0,"_bbp_topic_count_hidden":0,"_bbp_reply_count_hidden":0,"_bbp_forum_subforum_count":0,"footnotes":""},"categories":[13,11,12,15,3,14,8,9,10,1,2,53,4,5],"tags":[],"class_list":["post-973","post","type-post","status-publish","format-standard","hentry","category-cinque","category-cicle-inicial","category-tercer-quart","category-cicle-superior","category-ei3-ei4-ei5","category-ei1-ei2","category-ei4","category-ei5","category-ei5-primer","category-general","category-infantil","category-lespai-musical","category-portada","category-primaria"],"post_mailing_queue_ids":[],"_links":{"self":[{"href":"https:\/\/agora.xtec.cat\/escolamestralvilanova\/wp-json\/wp\/v2\/posts\/973","targetHints":{"allow":["GET"]}}],"collection":[{"href":"https:\/\/agora.xtec.cat\/escolamestralvilanova\/wp-json\/wp\/v2\/posts"}],"about":[{"href":"https:\/\/agora.xtec.cat\/escolamestralvilanova\/wp-json\/wp\/v2\/types\/post"}],"author":[{"embeddable":true,"href":"https:\/\/agora.xtec.cat\/escolamestralvilanova\/wp-json\/wp\/v2\/users\/1"}],"replies":[{"embeddable":true,"href":"https:\/\/agora.xtec.cat\/escolamestralvilanova\/wp-json\/wp\/v2\/comments?post=973"}],"version-history":[{"count":1,"href":"https:\/\/agora.xtec.cat\/escolamestralvilanova\/wp-json\/wp\/v2\/posts\/973\/revisions"}],"predecessor-version":[{"id":974,"href":"https:\/\/agora.xtec.cat\/escolamestralvilanova\/wp-json\/wp\/v2\/posts\/973\/revisions\/974"}],"wp:attachment":[{"href":"https:\/\/agora.xtec.cat\/escolamestralvilanova\/wp-json\/wp\/v2\/media?parent=973"}],"wp:term":[{"taxonomy":"category","embeddable":true,"href":"https:\/\/agora.xtec.cat\/escolamestralvilanova\/wp-json\/wp\/v2\/categories?post=973"},{"taxonomy":"post_tag","embeddable":true,"href":"https:\/\/agora.xtec.cat\/escolamestralvilanova\/wp-json\/wp\/v2\/tags?post=973"}],"curies":[{"name":"wp","href":"https:\/\/api.w.org\/{rel}","templated":true}]}}