{"id":968,"date":"2018-11-19T16:54:15","date_gmt":"2018-11-19T15:54:15","guid":{"rendered":"http:\/\/agora.xtec.cat\/escolamestralvilanova\/?p=968"},"modified":"2018-11-20T19:47:50","modified_gmt":"2018-11-20T18:47:50","slug":"setmana-musical","status":"publish","type":"post","link":"https:\/\/agora.xtec.cat\/escolamestralvilanova\/general\/setmana-musical\/","title":{"rendered":"SETMANA MUSICAL"},"content":{"rendered":"<p>Durant aquesta setmana, del 20 al 23 de novembre tots els nens i nenes de l&#8217;escola celebrarem la &#8220;Setmana Musical&#8221;.<\/p>\n<p>Aix\u00ed, al llarg de la setmana realitzarem diferents activitats relacionades amb el m\u00f3n de la m\u00fasica:<\/p>\n<ul>\n<li>Taller de m\u00fasica a c\u00e0rrec de la mestra de l&#8217;escola Dalcroze de Lleida, Maria Altadill<\/li>\n<li>Concert dels alumnes de l&#8217;escola<\/li>\n<li>Taller amb m\u00fasics de la JOP (Jove Orquestra de Ponent)<\/li>\n<li>Fil musical tem\u00e0tic (cl\u00e0ssic, pel\u00b7l\u00edcules, bandes de rock, comercial)<\/li>\n<\/ul>\n<p>Esperem que sigui tot un \u00e8xit!!!<\/p>\n<p><a href=\"https:\/\/agora.xtec.cat\/escolamestralvilanova\/wp-content\/uploads\/usu729\/2018\/11\/CARTELL.png\"><img loading=\"lazy\" decoding=\"async\" class=\"alignnone size-medium wp-image-971\" src=\"https:\/\/agora.xtec.cat\/escolamestralvilanova\/wp-content\/uploads\/usu729\/2018\/11\/CARTELL-300x225.png\" alt=\"\" width=\"300\" height=\"225\" srcset=\"https:\/\/agora.xtec.cat\/escolamestralvilanova\/wp-content\/uploads\/usu729\/2018\/11\/CARTELL-300x225.png 300w, https:\/\/agora.xtec.cat\/escolamestralvilanova\/wp-content\/uploads\/usu729\/2018\/11\/CARTELL-768x576.png 768w, https:\/\/agora.xtec.cat\/escolamestralvilanova\/wp-content\/uploads\/usu729\/2018\/11\/CARTELL-1024x768.png 1024w, https:\/\/agora.xtec.cat\/escolamestralvilanova\/wp-content\/uploads\/usu729\/2018\/11\/CARTELL-200x150.png 200w, https:\/\/agora.xtec.cat\/escolamestralvilanova\/wp-content\/uploads\/usu729\/2018\/11\/CARTELL.png 1503w\" sizes=\"auto, (max-width: 300px) 100vw, 300px\" \/><\/a><\/p>\n<p>&nbsp;<\/p>\n","protected":false},"excerpt":{"rendered":"<p>Durant aquesta setmana, del 20 al 23 de novembre tots els nens i nenes de l&#8217;escola celebrarem la &#8220;Setmana Musical&#8221;.<br \/>\nAix\u00ed, al llarg de la setmana realitzarem diferents activitats relacionades amb el m\u00f3n de la m\u00fasica:<\/p>\n<ul>\n<li>Taller de m\u00fasica a c\u00e0rrec de la mestra de l&#8217;escola Dalcroze&hellip;  <a href=\"https:\/\/agora.xtec.cat\/escolamestralvilanova\/general\/setmana-musical\/\" title=\"Read SETMANA MUSICAL\">Llegeix m\u00e9s\u00bb<\/a><br \/>\n","protected":false},"author":1,"featured_media":0,"comment_status":"open","ping_status":"closed","sticky":false,"template":"","format":"standard","meta":{"_bbp_topic_count":0,"_bbp_reply_count":0,"_bbp_total_topic_count":0,"_bbp_total_reply_count":0,"_bbp_voice_count":0,"_bbp_anonymous_reply_count":0,"_bbp_topic_count_hidden":0,"_bbp_reply_count_hidden":0,"_bbp_forum_subforum_count":0,"footnotes":""},"categories":[1,53,4],"tags":[],"class_list":["post-968","post","type-post","status-publish","format-standard","hentry","category-general","category-lespai-musical","category-portada"],"post_mailing_queue_ids":[],"_links":{"self":[{"href":"https:\/\/agora.xtec.cat\/escolamestralvilanova\/wp-json\/wp\/v2\/posts\/968","targetHints":{"allow":["GET"]}}],"collection":[{"href":"https:\/\/agora.xtec.cat\/escolamestralvilanova\/wp-json\/wp\/v2\/posts"}],"about":[{"href":"https:\/\/agora.xtec.cat\/escolamestralvilanova\/wp-json\/wp\/v2\/types\/post"}],"author":[{"embeddable":true,"href":"https:\/\/agora.xtec.cat\/escolamestralvilanova\/wp-json\/wp\/v2\/users\/1"}],"replies":[{"embeddable":true,"href":"https:\/\/agora.xtec.cat\/escolamestralvilanova\/wp-json\/wp\/v2\/comments?post=968"}],"version-history":[{"count":2,"href":"https:\/\/agora.xtec.cat\/escolamestralvilanova\/wp-json\/wp\/v2\/posts\/968\/revisions"}],"predecessor-version":[{"id":972,"href":"https:\/\/agora.xtec.cat\/escolamestralvilanova\/wp-json\/wp\/v2\/posts\/968\/revisions\/972"}],"wp:attachment":[{"href":"https:\/\/agora.xtec.cat\/escolamestralvilanova\/wp-json\/wp\/v2\/media?parent=968"}],"wp:term":[{"taxonomy":"category","embeddable":true,"href":"https:\/\/agora.xtec.cat\/escolamestralvilanova\/wp-json\/wp\/v2\/categories?post=968"},{"taxonomy":"post_tag","embeddable":true,"href":"https:\/\/agora.xtec.cat\/escolamestralvilanova\/wp-json\/wp\/v2\/tags?post=968"}],"curies":[{"name":"wp","href":"https:\/\/api.w.org\/{rel}","templated":true}]}}