{"id":965,"date":"2018-11-19T16:48:50","date_gmt":"2018-11-19T15:48:50","guid":{"rendered":"http:\/\/agora.xtec.cat\/escolamestralvilanova\/?p=965"},"modified":"2019-02-05T20:44:47","modified_gmt":"2019-02-05T19:44:47","slug":"xerrada-alimentacio-saludable","status":"publish","type":"post","link":"https:\/\/agora.xtec.cat\/escolamestralvilanova\/portada\/xerrada-alimentacio-saludable\/","title":{"rendered":"XERRADA ALIMENTACI\u00d3 SALUDABLE"},"content":{"rendered":"<p>Benvolgudes fam\u00edlies,<\/p>\n<p>Com ja sabeu, el nostre centre est\u00e0 inscrit en el\u00a0 <strong>Pla de promoci\u00f3 de fruites, hortalisses i llet<\/strong>, engegat per la Generalitat des del seu\u00a0<strong>Departament d&#8217;Agricultura, Ramaderia, Pesca i Alimentaci\u00f3.<\/strong><\/p>\n<p>El motiu de la nostra comunicaci\u00f3 \u00e9s informar que el proper <strong>dimarts 27 de novembre de 15:15 hores a 16:30 hores<\/strong> es realitzar\u00e0 un xerrada adre\u00e7ada a les fam\u00edlies a c\u00e0rrec d&#8217;una nutricionista &#8211; dietista.<\/p>\n<p>El contingut de la xerrada ser\u00e0 el seg\u00fcent:<\/p>\n<ul>\n<li>Es tractaran tem\u00e0tiques d\u2019alimentaci\u00f3 saludable, fent \u00e8mfasi en la import\u00e0ncia de la fruita\/hortalisses i llet.<\/li>\n<li>S\u2019obriran debats \u00fatils, a partir d&#8217;hist\u00f2ries basades en l\u2019experi\u00e8ncia di\u00e0ria, a fi de desenvolupar estrat\u00e8gies per introduir en els \u00e0pats diaris aliments que s\u00f3n freq\u00fcentment rebutjats pels nens i nenes.<\/li>\n<li>S&#8217;ensenyaran noves estrat\u00e8gies per inculcar bons h\u00e0bits alimentaris als m\u00e9s joves de la casa.<\/li>\n<li>A m\u00e9s a m\u00e9s, durant l\u2019\u00faltima part de la\u00a0\u00a0sessi\u00f3 es realitzar\u00e0 un show-cooking, \u00e9s a dir, una demostraci\u00f3 de com preparar una recepta que es podr\u00e0 tastar in situ.<\/li>\n<\/ul>\n<p><img loading=\"lazy\" decoding=\"async\" class=\"alignnone wp-image-966 size-medium\" src=\"https:\/\/agora.xtec.cat\/escolamestralvilanova\/wp-content\/uploads\/usu729\/2018\/11\/FRUITA-300x300.jpg\" alt=\"\" width=\"300\" height=\"300\" srcset=\"https:\/\/agora.xtec.cat\/escolamestralvilanova\/wp-content\/uploads\/usu729\/2018\/11\/FRUITA-300x300.jpg 300w, https:\/\/agora.xtec.cat\/escolamestralvilanova\/wp-content\/uploads\/usu729\/2018\/11\/FRUITA-150x150.jpg 150w, https:\/\/agora.xtec.cat\/escolamestralvilanova\/wp-content\/uploads\/usu729\/2018\/11\/FRUITA.jpg 749w\" sizes=\"auto, (max-width: 300px) 100vw, 300px\" \/><\/p>\n","protected":false},"excerpt":{"rendered":"<p>Benvolgudes fam\u00edlies,<br \/>\nCom ja sabeu, el nostre centre est\u00e0 inscrit en el\u00a0 Pla de promoci\u00f3 de fruites, hortalisses i llet, engegat per la Generalitat des del seu\u00a0Departament d&#8217;Agricultura, Ramaderia, Pesca i Alimentaci\u00f3.<br \/>\nEl motiu de la nostra comunicaci\u00f3 \u00e9s informar que el proper dimarts 27 de novembre&hellip;  <a href=\"https:\/\/agora.xtec.cat\/escolamestralvilanova\/portada\/xerrada-alimentacio-saludable\/\" title=\"Read XERRADA ALIMENTACI\u00d3 SALUDABLE\">Llegeix m\u00e9s\u00bb<\/a><\/p>\n","protected":false},"author":1,"featured_media":0,"comment_status":"open","ping_status":"closed","sticky":false,"template":"","format":"standard","meta":{"_bbp_topic_count":0,"_bbp_reply_count":0,"_bbp_total_topic_count":0,"_bbp_total_reply_count":0,"_bbp_voice_count":0,"_bbp_anonymous_reply_count":0,"_bbp_topic_count_hidden":0,"_bbp_reply_count_hidden":0,"_bbp_forum_subforum_count":0,"footnotes":""},"categories":[23,57,4],"tags":[],"class_list":["post-965","post","type-post","status-publish","format-standard","hentry","category-escola-verda","category-espai-families","category-portada"],"post_mailing_queue_ids":[],"_links":{"self":[{"href":"https:\/\/agora.xtec.cat\/escolamestralvilanova\/wp-json\/wp\/v2\/posts\/965","targetHints":{"allow":["GET"]}}],"collection":[{"href":"https:\/\/agora.xtec.cat\/escolamestralvilanova\/wp-json\/wp\/v2\/posts"}],"about":[{"href":"https:\/\/agora.xtec.cat\/escolamestralvilanova\/wp-json\/wp\/v2\/types\/post"}],"author":[{"embeddable":true,"href":"https:\/\/agora.xtec.cat\/escolamestralvilanova\/wp-json\/wp\/v2\/users\/1"}],"replies":[{"embeddable":true,"href":"https:\/\/agora.xtec.cat\/escolamestralvilanova\/wp-json\/wp\/v2\/comments?post=965"}],"version-history":[{"count":1,"href":"https:\/\/agora.xtec.cat\/escolamestralvilanova\/wp-json\/wp\/v2\/posts\/965\/revisions"}],"predecessor-version":[{"id":967,"href":"https:\/\/agora.xtec.cat\/escolamestralvilanova\/wp-json\/wp\/v2\/posts\/965\/revisions\/967"}],"wp:attachment":[{"href":"https:\/\/agora.xtec.cat\/escolamestralvilanova\/wp-json\/wp\/v2\/media?parent=965"}],"wp:term":[{"taxonomy":"category","embeddable":true,"href":"https:\/\/agora.xtec.cat\/escolamestralvilanova\/wp-json\/wp\/v2\/categories?post=965"},{"taxonomy":"post_tag","embeddable":true,"href":"https:\/\/agora.xtec.cat\/escolamestralvilanova\/wp-json\/wp\/v2\/tags?post=965"}],"curies":[{"name":"wp","href":"https:\/\/api.w.org\/{rel}","templated":true}]}}