{"id":9646,"date":"2025-02-26T16:02:33","date_gmt":"2025-02-26T15:02:33","guid":{"rendered":"https:\/\/agora.xtec.cat\/escolamestralvilanova\/?p=9646"},"modified":"2025-02-26T16:02:33","modified_gmt":"2025-02-26T15:02:33","slug":"experimentem-amb-els-colors-i4-i-i5","status":"publish","type":"post","link":"https:\/\/agora.xtec.cat\/escolamestralvilanova\/infantil\/experimentem-amb-els-colors-i4-i-i5\/","title":{"rendered":"EXPERIMENTEM AMB ELS COLORS I4 i I5"},"content":{"rendered":"<p style=\"text-align: justify;\">Un dia, la Gala va compartir amb tots i totes un conte de casa seva: On s\u00f3n els colors?<\/p>\n<p style=\"text-align: justify;\">Despr\u00e9s d&#8217;explicar-lo, ens van sorgir algunes preguntes i vam fer algunes hip\u00f2tesis: Com \u00e9s que nom\u00e9s surten tres colors? On s\u00f3n el taronja, el verd, el lila&#8230;?<i>\u00a0No ho s\u00e9<\/i>!<\/p>\n<p style=\"text-align: justify;\">Vam decidir barrejar i jugar amb aquests tres colors primaris. Qu\u00e8 creieu qu\u00e8 passar\u00e0?\u00a0<i>Sortir\u00e0 color negre! No, color gris! No, els color de l&#8217;arc de Sant Mart\u00ed!<\/i><\/p>\n<p style=\"text-align: justify;\">Aix\u00ed, anem descobrint el lila, el taronja i el verd.<\/p>\n<p style=\"text-align: justify;\">A m\u00e9s, hem realitzat l&#8217;activitat de crear el nostre cercle crom\u00e0tic, barrejant els colors primaris per formar els secundaris, tot creant diferents tonalitats.<\/p>\n<p style=\"text-align: justify;\">Ens ha encantat!<\/p>\n<ul>\n<li><a href=\"https:\/\/photos.app.goo.gl\/29Dko7u7XgCQsUto6\">ENLLA\u00c7 A LES FOTOGRAFIES<\/a><\/li>\n<\/ul>\n<p><a href=\"https:\/\/photos.app.goo.gl\/29Dko7u7XgCQsUto6\"><img loading=\"lazy\" decoding=\"async\" class=\"alignnone size-medium wp-image-9647\" src=\"https:\/\/agora.xtec.cat\/escolamestralvilanova\/wp-content\/uploads\/usu729\/2025\/02\/FOTO-212x300.png\" alt=\"\" width=\"212\" height=\"300\" srcset=\"https:\/\/agora.xtec.cat\/escolamestralvilanova\/wp-content\/uploads\/usu729\/2025\/02\/FOTO-212x300.png 212w, https:\/\/agora.xtec.cat\/escolamestralvilanova\/wp-content\/uploads\/usu729\/2025\/02\/FOTO.png 542w\" sizes=\"auto, (max-width: 212px) 100vw, 212px\" \/><\/a><\/p>\n","protected":false},"excerpt":{"rendered":"<p>Un dia, la Gala va compartir amb tots i totes un conte de casa seva: On s\u00f3n els colors?<br \/>\nDespr\u00e9s d&#8217;explicar-lo, ens van sorgir algunes preguntes i vam fer algunes hip\u00f2tesis: Com \u00e9s que nom\u00e9s surten tres colors? On s\u00f3n el taronja, el verd, el lila&#8230;?\u00a0No&hellip;  <a href=\"https:\/\/agora.xtec.cat\/escolamestralvilanova\/infantil\/experimentem-amb-els-colors-i4-i-i5\/\" title=\"Read EXPERIMENTEM AMB ELS COLORS I4 i I5\">Llegeix m\u00e9s\u00bb<\/a><\/p>\n","protected":false},"author":1,"featured_media":0,"comment_status":"open","ping_status":"closed","sticky":false,"template":"","format":"standard","meta":{"_bbp_topic_count":0,"_bbp_reply_count":0,"_bbp_total_topic_count":0,"_bbp_total_reply_count":0,"_bbp_voice_count":0,"_bbp_anonymous_reply_count":0,"_bbp_topic_count_hidden":0,"_bbp_reply_count_hidden":0,"_bbp_forum_subforum_count":0,"footnotes":""},"categories":[2,4],"tags":[],"class_list":["post-9646","post","type-post","status-publish","format-standard","hentry","category-infantil","category-portada"],"post_mailing_queue_ids":[],"_links":{"self":[{"href":"https:\/\/agora.xtec.cat\/escolamestralvilanova\/wp-json\/wp\/v2\/posts\/9646","targetHints":{"allow":["GET"]}}],"collection":[{"href":"https:\/\/agora.xtec.cat\/escolamestralvilanova\/wp-json\/wp\/v2\/posts"}],"about":[{"href":"https:\/\/agora.xtec.cat\/escolamestralvilanova\/wp-json\/wp\/v2\/types\/post"}],"author":[{"embeddable":true,"href":"https:\/\/agora.xtec.cat\/escolamestralvilanova\/wp-json\/wp\/v2\/users\/1"}],"replies":[{"embeddable":true,"href":"https:\/\/agora.xtec.cat\/escolamestralvilanova\/wp-json\/wp\/v2\/comments?post=9646"}],"version-history":[{"count":1,"href":"https:\/\/agora.xtec.cat\/escolamestralvilanova\/wp-json\/wp\/v2\/posts\/9646\/revisions"}],"predecessor-version":[{"id":9648,"href":"https:\/\/agora.xtec.cat\/escolamestralvilanova\/wp-json\/wp\/v2\/posts\/9646\/revisions\/9648"}],"wp:attachment":[{"href":"https:\/\/agora.xtec.cat\/escolamestralvilanova\/wp-json\/wp\/v2\/media?parent=9646"}],"wp:term":[{"taxonomy":"category","embeddable":true,"href":"https:\/\/agora.xtec.cat\/escolamestralvilanova\/wp-json\/wp\/v2\/categories?post=9646"},{"taxonomy":"post_tag","embeddable":true,"href":"https:\/\/agora.xtec.cat\/escolamestralvilanova\/wp-json\/wp\/v2\/tags?post=9646"}],"curies":[{"name":"wp","href":"https:\/\/api.w.org\/{rel}","templated":true}]}}