{"id":9632,"date":"2025-02-13T13:07:15","date_gmt":"2025-02-13T12:07:15","guid":{"rendered":"https:\/\/agora.xtec.cat\/escolamestralvilanova\/?p=9632"},"modified":"2025-02-13T13:11:34","modified_gmt":"2025-02-13T12:11:34","slug":"dia-de-la-dona-cientifica","status":"publish","type":"post","link":"https:\/\/agora.xtec.cat\/escolamestralvilanova\/portada\/dia-de-la-dona-cientifica\/","title":{"rendered":"DIA DE LA DONA CIENT\u00cdFICA"},"content":{"rendered":"<p>Amb motiu del \u201cDia de la Dona i la Ci\u00e8ncia\u201d, al llarg d\u2019aquesta setmana els infants de cicle mitj\u00e0, a l\u2019igual que la resta d\u2019alumnes de l\u2019escola, hem treballat una dona cient\u00edfica catalana del m\u00f3n de la Ci\u00e8ncia i la investigaci\u00f3.<\/p>\n<p>Hem realitzat una recerca d\u2019informaci\u00f3, hem esquematitzat la informaci\u00f3 m\u00e9s rellevant i hem elaborat un mural de la biografia de <strong>Josefina Castellv\u00ed i Piulachs.<\/strong><\/p>\n<p>Amb aquest murals hem elaborat un v\u00eddeo. Esperem que us agradi!<\/p>\n<ul>\n<li><a href=\"https:\/\/photos.app.goo.gl\/ah5Kk1weyREKeZRx9\">ENLLA\u00c7 AL V\u00cdDEO<\/a><\/li>\n<\/ul>\n<p><a href=\"https:\/\/photos.app.goo.gl\/ah5Kk1weyREKeZRx9\"><img loading=\"lazy\" decoding=\"async\" class=\"alignleft wp-image-9633 size-medium\" src=\"https:\/\/agora.xtec.cat\/escolamestralvilanova\/wp-content\/uploads\/usu729\/2025\/02\/JOSEFINA-CASTELLVI-300x169.jpg\" alt=\"\" width=\"300\" height=\"169\" srcset=\"https:\/\/agora.xtec.cat\/escolamestralvilanova\/wp-content\/uploads\/usu729\/2025\/02\/JOSEFINA-CASTELLVI-300x169.jpg 300w, https:\/\/agora.xtec.cat\/escolamestralvilanova\/wp-content\/uploads\/usu729\/2025\/02\/JOSEFINA-CASTELLVI-1024x576.jpg 1024w, https:\/\/agora.xtec.cat\/escolamestralvilanova\/wp-content\/uploads\/usu729\/2025\/02\/JOSEFINA-CASTELLVI-768x432.jpg 768w, https:\/\/agora.xtec.cat\/escolamestralvilanova\/wp-content\/uploads\/usu729\/2025\/02\/JOSEFINA-CASTELLVI-1536x864.jpg 1536w, https:\/\/agora.xtec.cat\/escolamestralvilanova\/wp-content\/uploads\/usu729\/2025\/02\/JOSEFINA-CASTELLVI.jpg 1920w\" sizes=\"auto, (max-width: 300px) 100vw, 300px\" \/><\/a><\/p>\n","protected":false},"excerpt":{"rendered":"<p>Amb motiu del \u201cDia de la Dona i la Ci\u00e8ncia\u201d, al llarg d\u2019aquesta setmana els infants de cicle mitj\u00e0, a l\u2019igual que la resta d\u2019alumnes de l\u2019escola, hem treballat una dona cient\u00edfica catalana del m\u00f3n de la Ci\u00e8ncia i la investigaci\u00f3.<br \/>\nHem realitzat una recerca d\u2019informaci\u00f3,&hellip;  <a href=\"https:\/\/agora.xtec.cat\/escolamestralvilanova\/portada\/dia-de-la-dona-cientifica\/\" title=\"Read DIA DE LA DONA CIENT\u00cdFICA\">Llegeix m\u00e9s\u00bb<\/a><\/p>\n","protected":false},"author":6,"featured_media":0,"comment_status":"open","ping_status":"closed","sticky":false,"template":"","format":"standard","meta":{"_bbp_topic_count":0,"_bbp_reply_count":0,"_bbp_total_topic_count":0,"_bbp_total_reply_count":0,"_bbp_voice_count":0,"_bbp_anonymous_reply_count":0,"_bbp_topic_count_hidden":0,"_bbp_reply_count_hidden":0,"_bbp_forum_subforum_count":0,"footnotes":""},"categories":[12,4],"tags":[],"class_list":["post-9632","post","type-post","status-publish","format-standard","hentry","category-tercer-quart","category-portada"],"post_mailing_queue_ids":[],"_links":{"self":[{"href":"https:\/\/agora.xtec.cat\/escolamestralvilanova\/wp-json\/wp\/v2\/posts\/9632","targetHints":{"allow":["GET"]}}],"collection":[{"href":"https:\/\/agora.xtec.cat\/escolamestralvilanova\/wp-json\/wp\/v2\/posts"}],"about":[{"href":"https:\/\/agora.xtec.cat\/escolamestralvilanova\/wp-json\/wp\/v2\/types\/post"}],"author":[{"embeddable":true,"href":"https:\/\/agora.xtec.cat\/escolamestralvilanova\/wp-json\/wp\/v2\/users\/6"}],"replies":[{"embeddable":true,"href":"https:\/\/agora.xtec.cat\/escolamestralvilanova\/wp-json\/wp\/v2\/comments?post=9632"}],"version-history":[{"count":1,"href":"https:\/\/agora.xtec.cat\/escolamestralvilanova\/wp-json\/wp\/v2\/posts\/9632\/revisions"}],"predecessor-version":[{"id":9634,"href":"https:\/\/agora.xtec.cat\/escolamestralvilanova\/wp-json\/wp\/v2\/posts\/9632\/revisions\/9634"}],"wp:attachment":[{"href":"https:\/\/agora.xtec.cat\/escolamestralvilanova\/wp-json\/wp\/v2\/media?parent=9632"}],"wp:term":[{"taxonomy":"category","embeddable":true,"href":"https:\/\/agora.xtec.cat\/escolamestralvilanova\/wp-json\/wp\/v2\/categories?post=9632"},{"taxonomy":"post_tag","embeddable":true,"href":"https:\/\/agora.xtec.cat\/escolamestralvilanova\/wp-json\/wp\/v2\/tags?post=9632"}],"curies":[{"name":"wp","href":"https:\/\/api.w.org\/{rel}","templated":true}]}}