{"id":9625,"date":"2025-02-12T16:17:50","date_gmt":"2025-02-12T15:17:50","guid":{"rendered":"https:\/\/agora.xtec.cat\/escolamestralvilanova\/?p=9625"},"modified":"2025-02-12T16:18:19","modified_gmt":"2025-02-12T15:18:19","slug":"prego-i4-i5-ciencia-al-carrer","status":"publish","type":"post","link":"https:\/\/agora.xtec.cat\/escolamestralvilanova\/general\/prego-i4-i5-ciencia-al-carrer\/","title":{"rendered":"PREG\u00d3 I4\/I5: CI\u00c8NCIA AL CARRER"},"content":{"rendered":"<p style=\"text-align: justify;\">A l&#8217;escola estem celebrant la VII Setmana de la Ci\u00e8ncia i aquest mat\u00ed, els nens i nenes d&#8217;I4 i I5 hem anat a l&#8217;Ajuntament a fer el preg\u00f3 per anunciar l&#8217;activitat de Ci\u00e8ncia al Carrer, que realitzarem el dijous 13 de febrer a les 15:30 hores. Us hi esperem!<\/p>\n<p>Ens ho hem passat genial!<\/p>\n<div><\/div>\n<ul>\n<li><a href=\"https:\/\/photos.app.goo.gl\/RXUV39cMb2eoeN3Z6\">ENLLA\u00c7 A LES FOTOGRAFIES<\/a><\/li>\n<\/ul>\n<p><a href=\"https:\/\/photos.app.goo.gl\/RXUV39cMb2eoeN3Z6\"><img loading=\"lazy\" decoding=\"async\" class=\"alignnone size-medium wp-image-9627\" src=\"https:\/\/agora.xtec.cat\/escolamestralvilanova\/wp-content\/uploads\/usu729\/2025\/02\/PREGO-300x150.png\" alt=\"\" width=\"300\" height=\"150\" srcset=\"https:\/\/agora.xtec.cat\/escolamestralvilanova\/wp-content\/uploads\/usu729\/2025\/02\/PREGO-300x150.png 300w, https:\/\/agora.xtec.cat\/escolamestralvilanova\/wp-content\/uploads\/usu729\/2025\/02\/PREGO.png 640w\" sizes=\"auto, (max-width: 300px) 100vw, 300px\" \/><\/a><\/p>\n","protected":false},"excerpt":{"rendered":"<p>A l&#8217;escola estem celebrant la VII Setmana de la Ci\u00e8ncia i aquest mat\u00ed, els nens i nenes d&#8217;I4 i I5 hem anat a l&#8217;Ajuntament a fer el preg\u00f3 per anunciar l&#8217;activitat de Ci\u00e8ncia al Carrer, que realitzarem el dijous 13 de febrer a les 15:30&hellip;  <a href=\"https:\/\/agora.xtec.cat\/escolamestralvilanova\/general\/prego-i4-i5-ciencia-al-carrer\/\" title=\"Read PREG\u00d3 I4\/I5: CI\u00c8NCIA AL CARRER\">Llegeix m\u00e9s\u00bb<\/a><\/p>\n","protected":false},"author":1,"featured_media":0,"comment_status":"open","ping_status":"closed","sticky":false,"template":"","format":"standard","meta":{"_bbp_topic_count":0,"_bbp_reply_count":0,"_bbp_total_topic_count":0,"_bbp_total_reply_count":0,"_bbp_voice_count":0,"_bbp_anonymous_reply_count":0,"_bbp_topic_count_hidden":0,"_bbp_reply_count_hidden":0,"_bbp_forum_subforum_count":0,"footnotes":""},"categories":[1,2,4],"tags":[],"class_list":["post-9625","post","type-post","status-publish","format-standard","hentry","category-general","category-infantil","category-portada"],"post_mailing_queue_ids":[],"_links":{"self":[{"href":"https:\/\/agora.xtec.cat\/escolamestralvilanova\/wp-json\/wp\/v2\/posts\/9625","targetHints":{"allow":["GET"]}}],"collection":[{"href":"https:\/\/agora.xtec.cat\/escolamestralvilanova\/wp-json\/wp\/v2\/posts"}],"about":[{"href":"https:\/\/agora.xtec.cat\/escolamestralvilanova\/wp-json\/wp\/v2\/types\/post"}],"author":[{"embeddable":true,"href":"https:\/\/agora.xtec.cat\/escolamestralvilanova\/wp-json\/wp\/v2\/users\/1"}],"replies":[{"embeddable":true,"href":"https:\/\/agora.xtec.cat\/escolamestralvilanova\/wp-json\/wp\/v2\/comments?post=9625"}],"version-history":[{"count":3,"href":"https:\/\/agora.xtec.cat\/escolamestralvilanova\/wp-json\/wp\/v2\/posts\/9625\/revisions"}],"predecessor-version":[{"id":9629,"href":"https:\/\/agora.xtec.cat\/escolamestralvilanova\/wp-json\/wp\/v2\/posts\/9625\/revisions\/9629"}],"wp:attachment":[{"href":"https:\/\/agora.xtec.cat\/escolamestralvilanova\/wp-json\/wp\/v2\/media?parent=9625"}],"wp:term":[{"taxonomy":"category","embeddable":true,"href":"https:\/\/agora.xtec.cat\/escolamestralvilanova\/wp-json\/wp\/v2\/categories?post=9625"},{"taxonomy":"post_tag","embeddable":true,"href":"https:\/\/agora.xtec.cat\/escolamestralvilanova\/wp-json\/wp\/v2\/tags?post=9625"}],"curies":[{"name":"wp","href":"https:\/\/api.w.org\/{rel}","templated":true}]}}