{"id":9617,"date":"2025-02-12T15:13:27","date_gmt":"2025-02-12T14:13:27","guid":{"rendered":"https:\/\/agora.xtec.cat\/escolamestralvilanova\/?p=9617"},"modified":"2025-02-12T15:13:27","modified_gmt":"2025-02-12T14:13:27","slug":"anem-a-lirb-lleida","status":"publish","type":"post","link":"https:\/\/agora.xtec.cat\/escolamestralvilanova\/infantil\/anem-a-lirb-lleida\/","title":{"rendered":"ANEM A L&#8217;IRB, LLEIDA"},"content":{"rendered":"<p>Aquest mat\u00ed els alumnes de CM i CS hem anat a l&#8217;IRB de Lleida.<\/p>\n<p>Hem realitzat una visita a les instal\u00b7lacions i hem pogut aprendre de primera m\u00e0 com realitzen algunes de les investigacions, tamb\u00e9 hem utilitzat els microscopis que s&#8217;utilitzen per l&#8217;estudi del c\u00e0ncer tot analitzant c\u00e8l\u00b7lules cancer\u00edgenes i mosques. Per \u00faltim hem dut a terme un taller tot posant en pr\u00e0ctica el m\u00e8tode cient\u00edfic.<\/p>\n<ul>\n<li><a href=\"https:\/\/photos.app.goo.gl\/yQyHk9oYTBm8jDYx9\">ENLLA\u00c7 A LES FOTOGRAFIES<\/a><\/li>\n<\/ul>\n<p><a href=\"https:\/\/photos.app.goo.gl\/yQyHk9oYTBm8jDYx9\"><img loading=\"lazy\" decoding=\"async\" class=\"alignnone size-medium wp-image-9618\" src=\"https:\/\/agora.xtec.cat\/escolamestralvilanova\/wp-content\/uploads\/usu729\/2025\/02\/IRB-300x182.png\" alt=\"\" width=\"300\" height=\"182\" srcset=\"https:\/\/agora.xtec.cat\/escolamestralvilanova\/wp-content\/uploads\/usu729\/2025\/02\/IRB-300x182.png 300w, https:\/\/agora.xtec.cat\/escolamestralvilanova\/wp-content\/uploads\/usu729\/2025\/02\/IRB.png 725w\" sizes=\"auto, (max-width: 300px) 100vw, 300px\" \/><\/a><\/p>\n","protected":false},"excerpt":{"rendered":"<p>Aquest mat\u00ed els alumnes de CM i CS hem anat a l&#8217;IRB de Lleida.<br \/>\nHem realitzat una visita a les instal\u00b7lacions i hem pogut aprendre de primera m\u00e0 com realitzen algunes de les investigacions, tamb\u00e9 hem utilitzat els microscopis que s&#8217;utilitzen per l&#8217;estudi del c\u00e0ncer tot&hellip;  <a href=\"https:\/\/agora.xtec.cat\/escolamestralvilanova\/infantil\/anem-a-lirb-lleida\/\" title=\"Read ANEM A L&#8217;IRB, LLEIDA\">Llegeix m\u00e9s\u00bb<\/a><\/p>\n","protected":false},"author":1,"featured_media":0,"comment_status":"open","ping_status":"closed","sticky":false,"template":"","format":"standard","meta":{"_bbp_topic_count":0,"_bbp_reply_count":0,"_bbp_total_topic_count":0,"_bbp_total_reply_count":0,"_bbp_voice_count":0,"_bbp_anonymous_reply_count":0,"_bbp_topic_count_hidden":0,"_bbp_reply_count_hidden":0,"_bbp_forum_subforum_count":0,"footnotes":""},"categories":[2,4,5],"tags":[],"class_list":["post-9617","post","type-post","status-publish","format-standard","hentry","category-infantil","category-portada","category-primaria"],"post_mailing_queue_ids":[],"_links":{"self":[{"href":"https:\/\/agora.xtec.cat\/escolamestralvilanova\/wp-json\/wp\/v2\/posts\/9617","targetHints":{"allow":["GET"]}}],"collection":[{"href":"https:\/\/agora.xtec.cat\/escolamestralvilanova\/wp-json\/wp\/v2\/posts"}],"about":[{"href":"https:\/\/agora.xtec.cat\/escolamestralvilanova\/wp-json\/wp\/v2\/types\/post"}],"author":[{"embeddable":true,"href":"https:\/\/agora.xtec.cat\/escolamestralvilanova\/wp-json\/wp\/v2\/users\/1"}],"replies":[{"embeddable":true,"href":"https:\/\/agora.xtec.cat\/escolamestralvilanova\/wp-json\/wp\/v2\/comments?post=9617"}],"version-history":[{"count":1,"href":"https:\/\/agora.xtec.cat\/escolamestralvilanova\/wp-json\/wp\/v2\/posts\/9617\/revisions"}],"predecessor-version":[{"id":9619,"href":"https:\/\/agora.xtec.cat\/escolamestralvilanova\/wp-json\/wp\/v2\/posts\/9617\/revisions\/9619"}],"wp:attachment":[{"href":"https:\/\/agora.xtec.cat\/escolamestralvilanova\/wp-json\/wp\/v2\/media?parent=9617"}],"wp:term":[{"taxonomy":"category","embeddable":true,"href":"https:\/\/agora.xtec.cat\/escolamestralvilanova\/wp-json\/wp\/v2\/categories?post=9617"},{"taxonomy":"post_tag","embeddable":true,"href":"https:\/\/agora.xtec.cat\/escolamestralvilanova\/wp-json\/wp\/v2\/tags?post=9617"}],"curies":[{"name":"wp","href":"https:\/\/api.w.org\/{rel}","templated":true}]}}