{"id":9594,"date":"2025-02-10T09:59:02","date_gmt":"2025-02-10T08:59:02","guid":{"rendered":"https:\/\/agora.xtec.cat\/escolamestralvilanova\/?p=9594"},"modified":"2025-02-11T15:24:31","modified_gmt":"2025-02-11T14:24:31","slug":"vii-setmana-de-la-ciencia-a-lescola","status":"publish","type":"post","link":"https:\/\/agora.xtec.cat\/escolamestralvilanova\/infantil\/vii-setmana-de-la-ciencia-a-lescola\/","title":{"rendered":"VII SETMANA DE LA CI\u00c8NCIA A L&#8217;ESCOLA"},"content":{"rendered":"<div dir=\"ltr\">\n<div dir=\"ltr\">\n<div dir=\"ltr\">\n<p>Benvolgudes fam\u00edlies, Durant la\u00a0setmana\u00a0de l&#8217;11 al 13 de febrer durem a terme la\u00a0\u00a0<strong>VII\u00a0Setmana\u00a0de la\u00a0Ci\u00e8ncia\u00a0<\/strong>a l&#8217;escola. Aprofitant que el dimarts 11 de febrer \u00e9s el\u00a0<em>dia de la dona i la nena a la Ci\u00e8ncia<\/em>, l&#8217;objectiu principal d&#8217;aquesta iniciativa no \u00e9s altre que despertar i potenciar l\u2019inter\u00e8s i la curiositat dels nostres alumnes vers la\u00a0Ci\u00e8ncia. Aix\u00ed, al llarg d&#8217;aquesta setmana\u00a0es realitzaran diferents activitats:<\/p>\n<p><strong>Al llarg de la setmana: EXPERIMENTS A LES AULES\u00a0<\/strong><\/p>\n<p>A nivell d&#8217;aula, al llarg de les darreres setmanes hem treballat el m\u00e8tode cient\u00edfic i tamb\u00e9 el paper de la dona a la ci\u00e8ncia.<\/p>\n<p>Tamb\u00e9, els nens i les nenes de les diferents aules realitzaran experiments cient\u00edfics i els presentaran als seus companys\/es i tamb\u00e9 a vosaltres, les fam\u00edlies.<\/p>\n<p><strong>El dimarts 11 de febrer: F\u00cdSICA POP!<\/strong><\/p>\n<p>El dimarts 11 de febrer,\u00a0<em>dia de la nena i la dona a la Ci\u00e8ncia<\/em>, el mestre i divulgador cient\u00edfic Anicet Cosials realitzar\u00e0 al mat\u00ed, una presentaci\u00f3 de diferents experiments cient\u00edfics a tots els infants de l&#8217;escola. Acabar\u00e0 amb l&#8217;enlairament de coets al pati de l&#8217;escola.<\/p>\n<p><strong>El dimecres 12 de febrer: VISITEM L&#8217;IRB, LLEIDA<\/strong><\/p>\n<p>El dimecres 12 de febrer, l&#8217;alumnat de CM i CS de l&#8217;escola anirem a Lleida per visitar l&#8217;IRB (Institut de Recerca Biom\u00e8dica), a part de veure les instal\u00b7lacions, ens explicaran diferents recerques que s&#8217;estan duent a terme i experimentarem amb els microscopis. Ser\u00e0 una bona manera d&#8217;apropar la ci\u00e8ncia al nostre alumnat.<\/p>\n<p><em>NOTA:\u00a0Les fam\u00edlies de CM i CS rebreu un correu amb informaci\u00f3 sobre la sortida<\/em><\/p>\n<p><strong>El dijous 13 de\u00a0 febrer:\u00a0CI\u00c8NCIA AL CARRER!<\/strong><\/p>\n<p>Ens fa molta il\u00b7lusi\u00f3 poder\u00a0compartir,\u00a0<strong>el dijous\u00a013\u00a0de febrer,<\/strong>\u00a0un recull dels diferents experiments treballats durant la VII\u00a0Setmana\u00a0de la Ci\u00e8ncia. Per la qual cosa, a partir de les\u00a0<strong>15:45 hores\u00a0<\/strong>durem a terme una petita mostra, oberta a les fam\u00edlies. Aquesta es realitzar\u00e0 al carrer de davant de l&#8217;escola. Us hi esperem!<\/p>\n<\/div>\n<\/div>\n<\/div>\n<div dir=\"ltr\">\n<div dir=\"ltr\">\n<div dir=\"ltr\">\n<div>\n<p><a href=\"https:\/\/agora.xtec.cat\/escolamestralvilanova\/wp-content\/uploads\/usu729\/2025\/02\/VII-SETMANA-DE-LA-CIENCIA.png\"><img loading=\"lazy\" decoding=\"async\" class=\"alignnone size-medium wp-image-9595\" src=\"https:\/\/agora.xtec.cat\/escolamestralvilanova\/wp-content\/uploads\/usu729\/2025\/02\/VII-SETMANA-DE-LA-CIENCIA-300x169.png\" alt=\"\" width=\"300\" height=\"169\" srcset=\"https:\/\/agora.xtec.cat\/escolamestralvilanova\/wp-content\/uploads\/usu729\/2025\/02\/VII-SETMANA-DE-LA-CIENCIA-300x169.png 300w, https:\/\/agora.xtec.cat\/escolamestralvilanova\/wp-content\/uploads\/usu729\/2025\/02\/VII-SETMANA-DE-LA-CIENCIA-1024x576.png 1024w, https:\/\/agora.xtec.cat\/escolamestralvilanova\/wp-content\/uploads\/usu729\/2025\/02\/VII-SETMANA-DE-LA-CIENCIA-768x432.png 768w, https:\/\/agora.xtec.cat\/escolamestralvilanova\/wp-content\/uploads\/usu729\/2025\/02\/VII-SETMANA-DE-LA-CIENCIA-1536x864.png 1536w, https:\/\/agora.xtec.cat\/escolamestralvilanova\/wp-content\/uploads\/usu729\/2025\/02\/VII-SETMANA-DE-LA-CIENCIA.png 1920w\" sizes=\"auto, (max-width: 300px) 100vw, 300px\" \/><\/a><\/p>\n<\/div>\n<\/div>\n<\/div>\n<\/div>\n","protected":false},"excerpt":{"rendered":"<p>Benvolgudes fam\u00edlies, Durant la\u00a0setmana\u00a0de l&#8217;11 al 13 de febrer durem a terme la\u00a0\u00a0VII\u00a0Setmana\u00a0de la\u00a0Ci\u00e8ncia\u00a0a l&#8217;escola. Aprofitant que el dimarts 11 de febrer \u00e9s el\u00a0dia de la dona i la nena a la Ci\u00e8ncia, l&#8217;objectiu principal d&#8217;aquesta iniciativa no \u00e9s altre que despertar i potenciar l\u2019inter\u00e8s&hellip;  <a href=\"https:\/\/agora.xtec.cat\/escolamestralvilanova\/infantil\/vii-setmana-de-la-ciencia-a-lescola\/\" title=\"Read VII SETMANA DE LA CI\u00c8NCIA A L&#8217;ESCOLA\">Llegeix m\u00e9s\u00bb<\/a><\/p>\n","protected":false},"author":1,"featured_media":0,"comment_status":"open","ping_status":"closed","sticky":false,"template":"","format":"standard","meta":{"_bbp_topic_count":0,"_bbp_reply_count":0,"_bbp_total_topic_count":0,"_bbp_total_reply_count":0,"_bbp_voice_count":0,"_bbp_anonymous_reply_count":0,"_bbp_topic_count_hidden":0,"_bbp_reply_count_hidden":0,"_bbp_forum_subforum_count":0,"footnotes":""},"categories":[2,4,5],"tags":[],"class_list":["post-9594","post","type-post","status-publish","format-standard","hentry","category-infantil","category-portada","category-primaria"],"post_mailing_queue_ids":[],"_links":{"self":[{"href":"https:\/\/agora.xtec.cat\/escolamestralvilanova\/wp-json\/wp\/v2\/posts\/9594","targetHints":{"allow":["GET"]}}],"collection":[{"href":"https:\/\/agora.xtec.cat\/escolamestralvilanova\/wp-json\/wp\/v2\/posts"}],"about":[{"href":"https:\/\/agora.xtec.cat\/escolamestralvilanova\/wp-json\/wp\/v2\/types\/post"}],"author":[{"embeddable":true,"href":"https:\/\/agora.xtec.cat\/escolamestralvilanova\/wp-json\/wp\/v2\/users\/1"}],"replies":[{"embeddable":true,"href":"https:\/\/agora.xtec.cat\/escolamestralvilanova\/wp-json\/wp\/v2\/comments?post=9594"}],"version-history":[{"count":6,"href":"https:\/\/agora.xtec.cat\/escolamestralvilanova\/wp-json\/wp\/v2\/posts\/9594\/revisions"}],"predecessor-version":[{"id":9607,"href":"https:\/\/agora.xtec.cat\/escolamestralvilanova\/wp-json\/wp\/v2\/posts\/9594\/revisions\/9607"}],"wp:attachment":[{"href":"https:\/\/agora.xtec.cat\/escolamestralvilanova\/wp-json\/wp\/v2\/media?parent=9594"}],"wp:term":[{"taxonomy":"category","embeddable":true,"href":"https:\/\/agora.xtec.cat\/escolamestralvilanova\/wp-json\/wp\/v2\/categories?post=9594"},{"taxonomy":"post_tag","embeddable":true,"href":"https:\/\/agora.xtec.cat\/escolamestralvilanova\/wp-json\/wp\/v2\/tags?post=9594"}],"curies":[{"name":"wp","href":"https:\/\/api.w.org\/{rel}","templated":true}]}}