{"id":9573,"date":"2025-01-24T16:12:52","date_gmt":"2025-01-24T15:12:52","guid":{"rendered":"https:\/\/agora.xtec.cat\/escolamestralvilanova\/?p=9573"},"modified":"2025-01-24T16:12:52","modified_gmt":"2025-01-24T15:12:52","slug":"experimentem-amb-el-gel","status":"publish","type":"post","link":"https:\/\/agora.xtec.cat\/escolamestralvilanova\/infantil\/experimentem-amb-el-gel\/","title":{"rendered":"EXPERIMENTEM AMB EL GEL"},"content":{"rendered":"<p><span style=\"color: #000000;\">Els nens i nenes d&#8217;I4 i I5, aquests dies al fer tant fred, vam observar que al pati hi havia gel, llavors a l&#8217;aula van sorgir diferents preguntes:\u00a0<\/span><\/p>\n<p><span style=\"color: #000000;\"><i>Com \u00e9s que al pati hi ha aigua gelada? De quin color \u00e9s el gel? Quina forma t\u00e9? On podem deixar aigua perqu\u00e8 es geli?<\/i><\/span><\/p>\n<p><span style=\"color: #000000;\">Vam fer diferents hip\u00f2tesis i per tal de poder respondre tots aquells dubtes que havien sorgit, vam deixar aigua en recipients de diferents formes en els llocs que ells i elles havien plantejat: a l&#8217;aula, a fora al pati, a la nevera i al congelador.\u00a0<\/span><\/p>\n<p><span style=\"color: #000000;\">L&#8217;endem\u00e0 vam observar qu\u00e8 havia passat! L&#8217;aigua del pati no s&#8217;havia gelat, i aix\u00ed vam aprendre que la temperatura aquella nit havia estat m\u00e9s alta de 0 graus.\u00a0<\/span><\/p>\n<p><span style=\"color: #000000;\">Tot i aix\u00ed vam poder tocar el gel del congelador, comprovar quin color t\u00e9, quina forma t\u00e9 i vam experimentar i pintar amb gel i colorant.\u00a0<\/span><\/p>\n<p><span style=\"color: #000000;\">Ens ho vam passar genial!<\/span><\/p>\n<ul>\n<li><a href=\"https:\/\/photos.app.goo.gl\/bsiLV6fGbzd9MmHR9\">ENLLA\u00c7 A LES FOTOGRAFIES<\/a><\/li>\n<\/ul>\n<p><a href=\"https:\/\/photos.app.goo.gl\/bsiLV6fGbzd9MmHR9\"><img loading=\"lazy\" decoding=\"async\" class=\"alignnone size-medium wp-image-9574\" src=\"https:\/\/agora.xtec.cat\/escolamestralvilanova\/wp-content\/uploads\/usu729\/2025\/01\/Sense-titol-300x167.png\" alt=\"\" width=\"300\" height=\"167\" srcset=\"https:\/\/agora.xtec.cat\/escolamestralvilanova\/wp-content\/uploads\/usu729\/2025\/01\/Sense-titol-300x167.png 300w, https:\/\/agora.xtec.cat\/escolamestralvilanova\/wp-content\/uploads\/usu729\/2025\/01\/Sense-titol.png 640w\" sizes=\"auto, (max-width: 300px) 100vw, 300px\" \/><\/a><\/p>\n<div><span style=\"color: #000000;\">\u00a0<\/span><\/div>\n<div><a href=\"https:\/\/photos.app.goo.gl\/bsiLV6fGbzd9MmHR9\" target=\"_blank\" rel=\"noopener\" data-saferedirecturl=\"https:\/\/www.google.com\/url?q=https:\/\/photos.app.goo.gl\/bsiLV6fGbzd9MmHR9&amp;source=gmail&amp;ust=1737793869061000&amp;usg=AOvVaw2OvtSsIyOhOS5fVFjC8Tp1\">https:\/\/photos.app.goo.gl\/<wbr \/>bsiLV6fGbzd9MmHR9<\/a><\/div>\n","protected":false},"excerpt":{"rendered":"<p>Els nens i nenes d&#8217;I4 i I5, aquests dies al fer tant fred, vam observar que al pati hi havia gel, llavors a l&#8217;aula van sorgir diferents preguntes:\u00a0<br \/>\nCom \u00e9s que al pati hi ha aigua gelada? De quin color \u00e9s el gel? Quina forma t\u00e9?&hellip;  <a href=\"https:\/\/agora.xtec.cat\/escolamestralvilanova\/infantil\/experimentem-amb-el-gel\/\" title=\"Read EXPERIMENTEM AMB EL GEL\">Llegeix m\u00e9s\u00bb<\/a><\/p>\n","protected":false},"author":1,"featured_media":0,"comment_status":"open","ping_status":"closed","sticky":false,"template":"","format":"standard","meta":{"_bbp_topic_count":0,"_bbp_reply_count":0,"_bbp_total_topic_count":0,"_bbp_total_reply_count":0,"_bbp_voice_count":0,"_bbp_anonymous_reply_count":0,"_bbp_topic_count_hidden":0,"_bbp_reply_count_hidden":0,"_bbp_forum_subforum_count":0,"footnotes":""},"categories":[8,2,4],"tags":[],"class_list":["post-9573","post","type-post","status-publish","format-standard","hentry","category-ei4","category-infantil","category-portada"],"post_mailing_queue_ids":[],"_links":{"self":[{"href":"https:\/\/agora.xtec.cat\/escolamestralvilanova\/wp-json\/wp\/v2\/posts\/9573","targetHints":{"allow":["GET"]}}],"collection":[{"href":"https:\/\/agora.xtec.cat\/escolamestralvilanova\/wp-json\/wp\/v2\/posts"}],"about":[{"href":"https:\/\/agora.xtec.cat\/escolamestralvilanova\/wp-json\/wp\/v2\/types\/post"}],"author":[{"embeddable":true,"href":"https:\/\/agora.xtec.cat\/escolamestralvilanova\/wp-json\/wp\/v2\/users\/1"}],"replies":[{"embeddable":true,"href":"https:\/\/agora.xtec.cat\/escolamestralvilanova\/wp-json\/wp\/v2\/comments?post=9573"}],"version-history":[{"count":1,"href":"https:\/\/agora.xtec.cat\/escolamestralvilanova\/wp-json\/wp\/v2\/posts\/9573\/revisions"}],"predecessor-version":[{"id":9575,"href":"https:\/\/agora.xtec.cat\/escolamestralvilanova\/wp-json\/wp\/v2\/posts\/9573\/revisions\/9575"}],"wp:attachment":[{"href":"https:\/\/agora.xtec.cat\/escolamestralvilanova\/wp-json\/wp\/v2\/media?parent=9573"}],"wp:term":[{"taxonomy":"category","embeddable":true,"href":"https:\/\/agora.xtec.cat\/escolamestralvilanova\/wp-json\/wp\/v2\/categories?post=9573"},{"taxonomy":"post_tag","embeddable":true,"href":"https:\/\/agora.xtec.cat\/escolamestralvilanova\/wp-json\/wp\/v2\/tags?post=9573"}],"curies":[{"name":"wp","href":"https:\/\/api.w.org\/{rel}","templated":true}]}}