{"id":9542,"date":"2024-12-20T12:50:10","date_gmt":"2024-12-20T11:50:10","guid":{"rendered":"https:\/\/agora.xtec.cat\/escolamestralvilanova\/?p=9542"},"modified":"2024-12-20T11:54:52","modified_gmt":"2024-12-20T10:54:52","slug":"fem-cagar-el-tio-2","status":"publish","type":"post","link":"https:\/\/agora.xtec.cat\/escolamestralvilanova\/general\/fem-cagar-el-tio-2\/","title":{"rendered":"FEM CAGAR EL TI\u00d3!"},"content":{"rendered":"<p>Avui \u00faltim dia abans de comen\u00e7ar les vacances, tot l\u2019alumnat hem fet cagar el ti\u00f3 a l\u2019escola, abans hem preparat uns escrits i els hem portat a la b\u00fastia de davant de l&#8217;Ajuntament.<\/p>\n<p>Moltes gr\u00e0cies!<\/p>\n<ul>\n<li><a href=\"https:\/\/photos.app.goo.gl\/pSc43Hy1DsWv3Ch47\">ENLLA\u00c7 A LES FOTOGRAFIES<\/a><\/li>\n<\/ul>\n<p><a href=\"https:\/\/agora.xtec.cat\/escolamestralvilanova\/wp-content\/uploads\/usu729\/2024\/12\/tio.png\"><img loading=\"lazy\" decoding=\"async\" class=\"alignnone size-medium wp-image-9544\" src=\"https:\/\/agora.xtec.cat\/escolamestralvilanova\/wp-content\/uploads\/usu729\/2024\/12\/tio-300x168.png\" alt=\"\" width=\"300\" height=\"168\" srcset=\"https:\/\/agora.xtec.cat\/escolamestralvilanova\/wp-content\/uploads\/usu729\/2024\/12\/tio-300x168.png 300w, https:\/\/agora.xtec.cat\/escolamestralvilanova\/wp-content\/uploads\/usu729\/2024\/12\/tio-1024x573.png 1024w, https:\/\/agora.xtec.cat\/escolamestralvilanova\/wp-content\/uploads\/usu729\/2024\/12\/tio-768x429.png 768w, https:\/\/agora.xtec.cat\/escolamestralvilanova\/wp-content\/uploads\/usu729\/2024\/12\/tio.png 1218w\" sizes=\"auto, (max-width: 300px) 100vw, 300px\" \/><\/a><\/p>\n","protected":false},"excerpt":{"rendered":"<p>Avui \u00faltim dia abans de comen\u00e7ar les vacances, tot l\u2019alumnat hem fet cagar el ti\u00f3 a l\u2019escola, abans hem preparat uns escrits i els hem portat a la b\u00fastia de davant de l&#8217;Ajuntament.<br \/>\nMoltes gr\u00e0cies!<\/p>\n<ul>\n<li><a href=\"https:\/\/photos.app.goo.gl\/pSc43Hy1DsWv3Ch47\">ENLLA\u00c7 A LES FOTOGRAFIES<\/a><\/li>\n<\/ul>\n<p><a href=\"https:\/\/agora.xtec.cat\/escolamestralvilanova\/wp-content\/uploads\/usu729\/2024\/12\/tio.png\"><\/a><\/p>\n","protected":false},"author":1,"featured_media":0,"comment_status":"open","ping_status":"closed","sticky":false,"template":"","format":"standard","meta":{"_bbp_topic_count":0,"_bbp_reply_count":0,"_bbp_total_topic_count":0,"_bbp_total_reply_count":0,"_bbp_voice_count":0,"_bbp_anonymous_reply_count":0,"_bbp_topic_count_hidden":0,"_bbp_reply_count_hidden":0,"_bbp_forum_subforum_count":0,"footnotes":""},"categories":[3,1,2,4,5],"tags":[],"class_list":["post-9542","post","type-post","status-publish","format-standard","hentry","category-ei3-ei4-ei5","category-general","category-infantil","category-portada","category-primaria"],"post_mailing_queue_ids":[],"_links":{"self":[{"href":"https:\/\/agora.xtec.cat\/escolamestralvilanova\/wp-json\/wp\/v2\/posts\/9542","targetHints":{"allow":["GET"]}}],"collection":[{"href":"https:\/\/agora.xtec.cat\/escolamestralvilanova\/wp-json\/wp\/v2\/posts"}],"about":[{"href":"https:\/\/agora.xtec.cat\/escolamestralvilanova\/wp-json\/wp\/v2\/types\/post"}],"author":[{"embeddable":true,"href":"https:\/\/agora.xtec.cat\/escolamestralvilanova\/wp-json\/wp\/v2\/users\/1"}],"replies":[{"embeddable":true,"href":"https:\/\/agora.xtec.cat\/escolamestralvilanova\/wp-json\/wp\/v2\/comments?post=9542"}],"version-history":[{"count":2,"href":"https:\/\/agora.xtec.cat\/escolamestralvilanova\/wp-json\/wp\/v2\/posts\/9542\/revisions"}],"predecessor-version":[{"id":9545,"href":"https:\/\/agora.xtec.cat\/escolamestralvilanova\/wp-json\/wp\/v2\/posts\/9542\/revisions\/9545"}],"wp:attachment":[{"href":"https:\/\/agora.xtec.cat\/escolamestralvilanova\/wp-json\/wp\/v2\/media?parent=9542"}],"wp:term":[{"taxonomy":"category","embeddable":true,"href":"https:\/\/agora.xtec.cat\/escolamestralvilanova\/wp-json\/wp\/v2\/categories?post=9542"},{"taxonomy":"post_tag","embeddable":true,"href":"https:\/\/agora.xtec.cat\/escolamestralvilanova\/wp-json\/wp\/v2\/tags?post=9542"}],"curies":[{"name":"wp","href":"https:\/\/api.w.org\/{rel}","templated":true}]}}