{"id":954,"date":"2018-11-16T16:49:18","date_gmt":"2018-11-16T15:49:18","guid":{"rendered":"http:\/\/agora.xtec.cat\/escolamestralvilanova\/?p=954"},"modified":"2018-11-16T16:49:18","modified_gmt":"2018-11-16T15:49:18","slug":"mercat-de-custodia-2","status":"publish","type":"post","link":"https:\/\/agora.xtec.cat\/escolamestralvilanova\/infantil\/mercat-de-custodia-2\/","title":{"rendered":"MERCAT DE CUST\u00d2DIA"},"content":{"rendered":"<p>El passat dijous 16 de novembre vam realitzar el &#8220;Mercat de cust\u00f2dia&#8221; en el qual vam vendre uns cactus elaborats pels alumnes de l&#8217;escola.<\/p>\n<p>Va ser tot un \u00e8xit de participaci\u00f3 i ens vam quedar sense exist\u00e8ncies!!<\/p>\n<p>Els diners que vam recollir els invertirem una activitat de caire pedag\u00f2gic (activitat musical, teatre,&#8230;)<\/p>\n<p>Moltes gr\u00e0cies!<\/p>\n<ul>\n<li><a href=\"https:\/\/photos.app.goo.gl\/WtoKdk81m8eyQ7oL8\">ENLLA\u00c7 A LES FOTOGRAFIES<\/a><\/li>\n<\/ul>\n<p><a href=\"https:\/\/agora.xtec.cat\/escolamestralvilanova\/wp-content\/uploads\/usu729\/2018\/11\/ca530477-1421-48fc-87c3-835fb64c0474.jpg\"><img loading=\"lazy\" decoding=\"async\" class=\"alignnone wp-image-955 size-medium\" src=\"https:\/\/agora.xtec.cat\/escolamestralvilanova\/wp-content\/uploads\/usu729\/2018\/11\/ca530477-1421-48fc-87c3-835fb64c0474-183x300.jpg\" alt=\"\" width=\"183\" height=\"300\" srcset=\"https:\/\/agora.xtec.cat\/escolamestralvilanova\/wp-content\/uploads\/usu729\/2018\/11\/ca530477-1421-48fc-87c3-835fb64c0474-183x300.jpg 183w, https:\/\/agora.xtec.cat\/escolamestralvilanova\/wp-content\/uploads\/usu729\/2018\/11\/ca530477-1421-48fc-87c3-835fb64c0474-768x1256.jpg 768w, https:\/\/agora.xtec.cat\/escolamestralvilanova\/wp-content\/uploads\/usu729\/2018\/11\/ca530477-1421-48fc-87c3-835fb64c0474-626x1024.jpg 626w, https:\/\/agora.xtec.cat\/escolamestralvilanova\/wp-content\/uploads\/usu729\/2018\/11\/ca530477-1421-48fc-87c3-835fb64c0474.jpg 850w\" sizes=\"auto, (max-width: 183px) 100vw, 183px\" \/><\/a><\/p>\n","protected":false},"excerpt":{"rendered":"<p>El passat dijous 16 de novembre vam realitzar el &#8220;Mercat de cust\u00f2dia&#8221; en el qual vam vendre uns cactus elaborats pels alumnes de l&#8217;escola.<br \/>\nVa ser tot un \u00e8xit de participaci\u00f3 i ens vam quedar sense exist\u00e8ncies!!<br \/>\nEls diners que vam recollir els invertirem una activitat de&hellip;  <a href=\"https:\/\/agora.xtec.cat\/escolamestralvilanova\/infantil\/mercat-de-custodia-2\/\" title=\"Read MERCAT DE CUST\u00d2DIA\">Llegeix m\u00e9s\u00bb<\/a><\/p>\n","protected":false},"author":1,"featured_media":0,"comment_status":"open","ping_status":"closed","sticky":false,"template":"","format":"standard","meta":{"_bbp_topic_count":0,"_bbp_reply_count":0,"_bbp_total_topic_count":0,"_bbp_total_reply_count":0,"_bbp_voice_count":0,"_bbp_anonymous_reply_count":0,"_bbp_topic_count_hidden":0,"_bbp_reply_count_hidden":0,"_bbp_forum_subforum_count":0,"footnotes":""},"categories":[13,11,12,15,3,14,8,9,10,23,2,4,5],"tags":[],"class_list":["post-954","post","type-post","status-publish","format-standard","hentry","category-cinque","category-cicle-inicial","category-tercer-quart","category-cicle-superior","category-ei3-ei4-ei5","category-ei1-ei2","category-ei4","category-ei5","category-ei5-primer","category-escola-verda","category-infantil","category-portada","category-primaria"],"post_mailing_queue_ids":[],"_links":{"self":[{"href":"https:\/\/agora.xtec.cat\/escolamestralvilanova\/wp-json\/wp\/v2\/posts\/954","targetHints":{"allow":["GET"]}}],"collection":[{"href":"https:\/\/agora.xtec.cat\/escolamestralvilanova\/wp-json\/wp\/v2\/posts"}],"about":[{"href":"https:\/\/agora.xtec.cat\/escolamestralvilanova\/wp-json\/wp\/v2\/types\/post"}],"author":[{"embeddable":true,"href":"https:\/\/agora.xtec.cat\/escolamestralvilanova\/wp-json\/wp\/v2\/users\/1"}],"replies":[{"embeddable":true,"href":"https:\/\/agora.xtec.cat\/escolamestralvilanova\/wp-json\/wp\/v2\/comments?post=954"}],"version-history":[{"count":1,"href":"https:\/\/agora.xtec.cat\/escolamestralvilanova\/wp-json\/wp\/v2\/posts\/954\/revisions"}],"predecessor-version":[{"id":956,"href":"https:\/\/agora.xtec.cat\/escolamestralvilanova\/wp-json\/wp\/v2\/posts\/954\/revisions\/956"}],"wp:attachment":[{"href":"https:\/\/agora.xtec.cat\/escolamestralvilanova\/wp-json\/wp\/v2\/media?parent=954"}],"wp:term":[{"taxonomy":"category","embeddable":true,"href":"https:\/\/agora.xtec.cat\/escolamestralvilanova\/wp-json\/wp\/v2\/categories?post=954"},{"taxonomy":"post_tag","embeddable":true,"href":"https:\/\/agora.xtec.cat\/escolamestralvilanova\/wp-json\/wp\/v2\/tags?post=954"}],"curies":[{"name":"wp","href":"https:\/\/api.w.org\/{rel}","templated":true}]}}