{"id":9539,"date":"2024-12-20T11:04:02","date_gmt":"2024-12-20T10:04:02","guid":{"rendered":"https:\/\/agora.xtec.cat\/escolamestralvilanova\/?p=9539"},"modified":"2024-12-20T11:04:02","modified_gmt":"2024-12-20T10:04:02","slug":"cantem-a-la-residencia-4","status":"publish","type":"post","link":"https:\/\/agora.xtec.cat\/escolamestralvilanova\/portada\/cantem-a-la-residencia-4\/","title":{"rendered":"CANTEM A LA RESID\u00c8NCIA"},"content":{"rendered":"<p>Ahir els nens i nenes de l\u2019escola, a partir de Cicle Mitj\u00e0, vam anar a cantar a la Resid\u00e8ncia Sant Roc a cantar Nadales i aix\u00ed poder compartir amb els m\u00e9s grans un moment molt emotiu.<\/p>\n<p>Ens ho vam passar molt b\u00e9 i ens agrada molt poder compartir amb els padrins\/es del poble aquests moments.<\/p>\n<p>Esperem que passin unes molt Bones Festes!<\/p>\n<ul>\n<li><a href=\"https:\/\/photos.app.goo.gl\/GcksK6GV4XBAxaMm8\">ENLLA\u00c7 A LES FOTOGRAFIES I V\u00cdDEOS<\/a><\/li>\n<\/ul>\n<p><a href=\"https:\/\/photos.app.goo.gl\/GcksK6GV4XBAxaMm8\"><img loading=\"lazy\" decoding=\"async\" class=\"alignnone size-medium wp-image-9540\" src=\"https:\/\/agora.xtec.cat\/escolamestralvilanova\/wp-content\/uploads\/usu729\/2024\/12\/RESIDENCIA-300x137.png\" alt=\"\" width=\"300\" height=\"137\" srcset=\"https:\/\/agora.xtec.cat\/escolamestralvilanova\/wp-content\/uploads\/usu729\/2024\/12\/RESIDENCIA-300x137.png 300w, https:\/\/agora.xtec.cat\/escolamestralvilanova\/wp-content\/uploads\/usu729\/2024\/12\/RESIDENCIA-1024x468.png 1024w, https:\/\/agora.xtec.cat\/escolamestralvilanova\/wp-content\/uploads\/usu729\/2024\/12\/RESIDENCIA-768x351.png 768w, https:\/\/agora.xtec.cat\/escolamestralvilanova\/wp-content\/uploads\/usu729\/2024\/12\/RESIDENCIA.png 1219w\" sizes=\"auto, (max-width: 300px) 100vw, 300px\" \/><\/a><\/p>\n","protected":false},"excerpt":{"rendered":"<p>Ahir els nens i nenes de l\u2019escola, a partir de Cicle Mitj\u00e0, vam anar a cantar a la Resid\u00e8ncia Sant Roc a cantar Nadales i aix\u00ed poder compartir amb els m\u00e9s grans un moment molt emotiu.<br \/>\nEns ho vam passar molt b\u00e9 i ens agrada molt&hellip;  <a href=\"https:\/\/agora.xtec.cat\/escolamestralvilanova\/portada\/cantem-a-la-residencia-4\/\" title=\"Read CANTEM A LA RESID\u00c8NCIA\">Llegeix m\u00e9s\u00bb<\/a><\/p>\n","protected":false},"author":1,"featured_media":0,"comment_status":"open","ping_status":"closed","sticky":false,"template":"","format":"standard","meta":{"_bbp_topic_count":0,"_bbp_reply_count":0,"_bbp_total_topic_count":0,"_bbp_total_reply_count":0,"_bbp_voice_count":0,"_bbp_anonymous_reply_count":0,"_bbp_topic_count_hidden":0,"_bbp_reply_count_hidden":0,"_bbp_forum_subforum_count":0,"footnotes":""},"categories":[12,15,4,5],"tags":[],"class_list":["post-9539","post","type-post","status-publish","format-standard","hentry","category-tercer-quart","category-cicle-superior","category-portada","category-primaria"],"post_mailing_queue_ids":[],"_links":{"self":[{"href":"https:\/\/agora.xtec.cat\/escolamestralvilanova\/wp-json\/wp\/v2\/posts\/9539","targetHints":{"allow":["GET"]}}],"collection":[{"href":"https:\/\/agora.xtec.cat\/escolamestralvilanova\/wp-json\/wp\/v2\/posts"}],"about":[{"href":"https:\/\/agora.xtec.cat\/escolamestralvilanova\/wp-json\/wp\/v2\/types\/post"}],"author":[{"embeddable":true,"href":"https:\/\/agora.xtec.cat\/escolamestralvilanova\/wp-json\/wp\/v2\/users\/1"}],"replies":[{"embeddable":true,"href":"https:\/\/agora.xtec.cat\/escolamestralvilanova\/wp-json\/wp\/v2\/comments?post=9539"}],"version-history":[{"count":1,"href":"https:\/\/agora.xtec.cat\/escolamestralvilanova\/wp-json\/wp\/v2\/posts\/9539\/revisions"}],"predecessor-version":[{"id":9541,"href":"https:\/\/agora.xtec.cat\/escolamestralvilanova\/wp-json\/wp\/v2\/posts\/9539\/revisions\/9541"}],"wp:attachment":[{"href":"https:\/\/agora.xtec.cat\/escolamestralvilanova\/wp-json\/wp\/v2\/media?parent=9539"}],"wp:term":[{"taxonomy":"category","embeddable":true,"href":"https:\/\/agora.xtec.cat\/escolamestralvilanova\/wp-json\/wp\/v2\/categories?post=9539"},{"taxonomy":"post_tag","embeddable":true,"href":"https:\/\/agora.xtec.cat\/escolamestralvilanova\/wp-json\/wp\/v2\/tags?post=9539"}],"curies":[{"name":"wp","href":"https:\/\/api.w.org\/{rel}","templated":true}]}}