{"id":9526,"date":"2024-12-12T14:53:28","date_gmt":"2024-12-12T13:53:28","guid":{"rendered":"https:\/\/agora.xtec.cat\/escolamestralvilanova\/?p=9526"},"modified":"2024-12-12T14:55:47","modified_gmt":"2024-12-12T13:55:47","slug":"video-promocional-obra-de-teatre","status":"publish","type":"post","link":"https:\/\/agora.xtec.cat\/escolamestralvilanova\/portada\/video-promocional-obra-de-teatre\/","title":{"rendered":"V\u00cdDEO PROMOCIONAL OBRA DE TEATRE"},"content":{"rendered":"<p>Els nens i nenes de CS han elaborat un v\u00eddeo promocional de l&#8217;obra &#8220;Matilda&#8221; que s&#8217;estrenar\u00e0 dem\u00e0 a les 15:30 hores al poliesportiu del poble.<\/p>\n<ul>\n<li><a href=\"https:\/\/drive.google.com\/file\/d\/1hZkHvZ8wQkNBuoqsbD46WW3i7GauQtK0\/view?usp=share_link\">ENLLA\u00c7 AL V\u00cdDEO<\/a><\/li>\n<\/ul>\n<p><a href=\"https:\/\/drive.google.com\/file\/d\/1hZkHvZ8wQkNBuoqsbD46WW3i7GauQtK0\/view?usp=share_link\"><img loading=\"lazy\" decoding=\"async\" class=\"alignnone size-medium wp-image-9527\" src=\"https:\/\/agora.xtec.cat\/escolamestralvilanova\/wp-content\/uploads\/usu729\/2024\/12\/Captura-de-Pantalla-2024-12-12-a-les-14.51.14-180x300.png\" alt=\"\" width=\"180\" height=\"300\" srcset=\"https:\/\/agora.xtec.cat\/escolamestralvilanova\/wp-content\/uploads\/usu729\/2024\/12\/Captura-de-Pantalla-2024-12-12-a-les-14.51.14-180x300.png 180w, https:\/\/agora.xtec.cat\/escolamestralvilanova\/wp-content\/uploads\/usu729\/2024\/12\/Captura-de-Pantalla-2024-12-12-a-les-14.51.14-613x1024.png 613w, https:\/\/agora.xtec.cat\/escolamestralvilanova\/wp-content\/uploads\/usu729\/2024\/12\/Captura-de-Pantalla-2024-12-12-a-les-14.51.14.png 762w\" sizes=\"auto, (max-width: 180px) 100vw, 180px\" \/><\/a><\/p>\n","protected":false},"excerpt":{"rendered":"<p>Els nens i nenes de CS han elaborat un v\u00eddeo promocional de l&#8217;obra &#8220;Matilda&#8221; que s&#8217;estrenar\u00e0 dem\u00e0 a les 15:30 hores al poliesportiu del poble.<\/p>\n<ul>\n<li><a href=\"https:\/\/drive.google.com\/file\/d\/1hZkHvZ8wQkNBuoqsbD46WW3i7GauQtK0\/view?usp=share_link\">ENLLA\u00c7 AL V\u00cdDEO<\/a><\/li>\n<\/ul>\n<p><a href=\"https:\/\/drive.google.com\/file\/d\/1hZkHvZ8wQkNBuoqsbD46WW3i7GauQtK0\/view?usp=share_link\"><\/a><\/p>\n","protected":false},"author":1,"featured_media":0,"comment_status":"open","ping_status":"closed","sticky":false,"template":"","format":"standard","meta":{"_bbp_topic_count":0,"_bbp_reply_count":0,"_bbp_total_topic_count":0,"_bbp_total_reply_count":0,"_bbp_voice_count":0,"_bbp_anonymous_reply_count":0,"_bbp_topic_count_hidden":0,"_bbp_reply_count_hidden":0,"_bbp_forum_subforum_count":0,"footnotes":""},"categories":[15,4,5],"tags":[],"class_list":["post-9526","post","type-post","status-publish","format-standard","hentry","category-cicle-superior","category-portada","category-primaria"],"post_mailing_queue_ids":[],"_links":{"self":[{"href":"https:\/\/agora.xtec.cat\/escolamestralvilanova\/wp-json\/wp\/v2\/posts\/9526","targetHints":{"allow":["GET"]}}],"collection":[{"href":"https:\/\/agora.xtec.cat\/escolamestralvilanova\/wp-json\/wp\/v2\/posts"}],"about":[{"href":"https:\/\/agora.xtec.cat\/escolamestralvilanova\/wp-json\/wp\/v2\/types\/post"}],"author":[{"embeddable":true,"href":"https:\/\/agora.xtec.cat\/escolamestralvilanova\/wp-json\/wp\/v2\/users\/1"}],"replies":[{"embeddable":true,"href":"https:\/\/agora.xtec.cat\/escolamestralvilanova\/wp-json\/wp\/v2\/comments?post=9526"}],"version-history":[{"count":2,"href":"https:\/\/agora.xtec.cat\/escolamestralvilanova\/wp-json\/wp\/v2\/posts\/9526\/revisions"}],"predecessor-version":[{"id":9529,"href":"https:\/\/agora.xtec.cat\/escolamestralvilanova\/wp-json\/wp\/v2\/posts\/9526\/revisions\/9529"}],"wp:attachment":[{"href":"https:\/\/agora.xtec.cat\/escolamestralvilanova\/wp-json\/wp\/v2\/media?parent=9526"}],"wp:term":[{"taxonomy":"category","embeddable":true,"href":"https:\/\/agora.xtec.cat\/escolamestralvilanova\/wp-json\/wp\/v2\/categories?post=9526"},{"taxonomy":"post_tag","embeddable":true,"href":"https:\/\/agora.xtec.cat\/escolamestralvilanova\/wp-json\/wp\/v2\/tags?post=9526"}],"curies":[{"name":"wp","href":"https:\/\/api.w.org\/{rel}","templated":true}]}}