{"id":9513,"date":"2024-12-09T09:01:25","date_gmt":"2024-12-09T08:01:25","guid":{"rendered":"https:\/\/agora.xtec.cat\/escolamestralvilanova\/?p=9513"},"modified":"2024-12-06T09:07:16","modified_gmt":"2024-12-06T08:07:16","slug":"protectora-danimals","status":"publish","type":"post","link":"https:\/\/agora.xtec.cat\/escolamestralvilanova\/infantil\/protectora-danimals\/","title":{"rendered":"PROTECTORA D&#8217;ANIMALS"},"content":{"rendered":"<p>El passat dijous els alumnes de l&#8217;escola Mestral vam rebre visita de la Laia i la Rosa, membres de \u201cLa Plataforma Animalista de les Terres de Lleida\u201d.<\/p>\n<p>Ens van transmetre informaci\u00f3 molt interessant i entenedora sobre la cura dels animals dom\u00e8stics i finalment, tamb\u00e9 vam visitar el recinte habilitat al nostre poble per als gats i gossos sense amo.<\/p>\n<p>Ens va agradar molt!<\/p>\n<ul>\n<li><a href=\"https:\/\/photos.app.goo.gl\/YTAhancnA3Yq9v6C8\">ENLLA\u00c7 A LES FOTOGRAFIES<\/a><\/li>\n<\/ul>\n<p><a href=\"https:\/\/photos.app.goo.gl\/YTAhancnA3Yq9v6C8\"><img loading=\"lazy\" decoding=\"async\" class=\"alignnone size-medium wp-image-9514\" src=\"https:\/\/agora.xtec.cat\/escolamestralvilanova\/wp-content\/uploads\/usu729\/2024\/12\/20241205_100703-300x225.jpg\" alt=\"\" width=\"300\" height=\"225\" srcset=\"https:\/\/agora.xtec.cat\/escolamestralvilanova\/wp-content\/uploads\/usu729\/2024\/12\/20241205_100703-300x225.jpg 300w, https:\/\/agora.xtec.cat\/escolamestralvilanova\/wp-content\/uploads\/usu729\/2024\/12\/20241205_100703-768x576.jpg 768w, https:\/\/agora.xtec.cat\/escolamestralvilanova\/wp-content\/uploads\/usu729\/2024\/12\/20241205_100703-200x150.jpg 200w, https:\/\/agora.xtec.cat\/escolamestralvilanova\/wp-content\/uploads\/usu729\/2024\/12\/20241205_100703.jpg 1000w\" sizes=\"auto, (max-width: 300px) 100vw, 300px\" \/><\/a><\/p>\n","protected":false},"excerpt":{"rendered":"<p>El passat dijous els alumnes de l&#8217;escola Mestral vam rebre visita de la Laia i la Rosa, membres de \u201cLa Plataforma Animalista de les Terres de Lleida\u201d.<br \/>\nEns van transmetre informaci\u00f3 molt interessant i entenedora sobre la cura dels animals dom\u00e8stics i finalment, tamb\u00e9 vam visitar&hellip;  <a href=\"https:\/\/agora.xtec.cat\/escolamestralvilanova\/infantil\/protectora-danimals\/\" title=\"Read PROTECTORA D&#8217;ANIMALS\">Llegeix m\u00e9s\u00bb<\/a><\/p>\n","protected":false},"author":1,"featured_media":0,"comment_status":"open","ping_status":"closed","sticky":false,"template":"","format":"standard","meta":{"_bbp_topic_count":0,"_bbp_reply_count":0,"_bbp_total_topic_count":0,"_bbp_total_reply_count":0,"_bbp_voice_count":0,"_bbp_anonymous_reply_count":0,"_bbp_topic_count_hidden":0,"_bbp_reply_count_hidden":0,"_bbp_forum_subforum_count":0,"footnotes":""},"categories":[3,2,4,5],"tags":[],"class_list":["post-9513","post","type-post","status-publish","format-standard","hentry","category-ei3-ei4-ei5","category-infantil","category-portada","category-primaria"],"post_mailing_queue_ids":[],"_links":{"self":[{"href":"https:\/\/agora.xtec.cat\/escolamestralvilanova\/wp-json\/wp\/v2\/posts\/9513","targetHints":{"allow":["GET"]}}],"collection":[{"href":"https:\/\/agora.xtec.cat\/escolamestralvilanova\/wp-json\/wp\/v2\/posts"}],"about":[{"href":"https:\/\/agora.xtec.cat\/escolamestralvilanova\/wp-json\/wp\/v2\/types\/post"}],"author":[{"embeddable":true,"href":"https:\/\/agora.xtec.cat\/escolamestralvilanova\/wp-json\/wp\/v2\/users\/1"}],"replies":[{"embeddable":true,"href":"https:\/\/agora.xtec.cat\/escolamestralvilanova\/wp-json\/wp\/v2\/comments?post=9513"}],"version-history":[{"count":1,"href":"https:\/\/agora.xtec.cat\/escolamestralvilanova\/wp-json\/wp\/v2\/posts\/9513\/revisions"}],"predecessor-version":[{"id":9515,"href":"https:\/\/agora.xtec.cat\/escolamestralvilanova\/wp-json\/wp\/v2\/posts\/9513\/revisions\/9515"}],"wp:attachment":[{"href":"https:\/\/agora.xtec.cat\/escolamestralvilanova\/wp-json\/wp\/v2\/media?parent=9513"}],"wp:term":[{"taxonomy":"category","embeddable":true,"href":"https:\/\/agora.xtec.cat\/escolamestralvilanova\/wp-json\/wp\/v2\/categories?post=9513"},{"taxonomy":"post_tag","embeddable":true,"href":"https:\/\/agora.xtec.cat\/escolamestralvilanova\/wp-json\/wp\/v2\/tags?post=9513"}],"curies":[{"name":"wp","href":"https:\/\/api.w.org\/{rel}","templated":true}]}}