{"id":9490,"date":"2024-11-27T09:33:34","date_gmt":"2024-11-27T08:33:34","guid":{"rendered":"https:\/\/agora.xtec.cat\/escolamestralvilanova\/?p=9490"},"modified":"2024-11-27T09:33:34","modified_gmt":"2024-11-27T08:33:34","slug":"cuinem-en-familia-dana","status":"publish","type":"post","link":"https:\/\/agora.xtec.cat\/escolamestralvilanova\/infantil\/cuinem-en-familia-dana\/","title":{"rendered":"CUINEM EN FAM\u00cdLIA: Dana"},"content":{"rendered":"<p>Ahir, els nens i nenes d&#8217;I4 i I5, dins el projecte &#8220;Cuinem en fa<span id=\"m_348564957585855783m_-6537280313067213096m_-7349083523026210591m_-925157005675228758m_661846026223788134goog_602174726\"><\/span><span id=\"m_348564957585855783m_-6537280313067213096m_-7349083523026210591m_-925157005675228758m_661846026223788134goog_602174727\"><\/span>m\u00edlia&#8221;, vam rebre la fam\u00edlia de la Dana. Vam cuinar torrades franceses i tamb\u00e9 unes broquetes de fruita molt originals. Estava tot bon\u00edssim!<\/p>\n<div>\n<p>Moltes gr\u00e0cies fam\u00edlia!<\/p>\n<ul>\n<li><a href=\"https:\/\/photos.app.goo.gl\/DLAuAugBoQPJjA2w8\">ENLLA\u00c7 A LES FOTOGRAFIES<\/a><\/li>\n<\/ul>\n<p><a href=\"https:\/\/photos.app.goo.gl\/DLAuAugBoQPJjA2w8\"><img loading=\"lazy\" decoding=\"async\" class=\"size-medium wp-image-9491\" src=\"https:\/\/agora.xtec.cat\/escolamestralvilanova\/wp-content\/uploads\/usu729\/2024\/11\/IMG_20241126_102043-300x169.jpg\" alt=\"\" width=\"300\" height=\"169\" srcset=\"https:\/\/agora.xtec.cat\/escolamestralvilanova\/wp-content\/uploads\/usu729\/2024\/11\/IMG_20241126_102043-300x169.jpg 300w, https:\/\/agora.xtec.cat\/escolamestralvilanova\/wp-content\/uploads\/usu729\/2024\/11\/IMG_20241126_102043.jpg 640w\" sizes=\"auto, (max-width: 300px) 100vw, 300px\" \/><\/a><\/p>\n<\/div>\n","protected":false},"excerpt":{"rendered":"<p>Ahir, els nens i nenes d&#8217;I4 i I5, dins el projecte &#8220;Cuinem en fam\u00edlia&#8221;, vam rebre la fam\u00edlia de la Dana. Vam cuinar torrades franceses i tamb\u00e9 unes broquetes de fruita molt originals. Estava tot bon\u00edssim!<\/p>\n<p>Moltes gr\u00e0cies fam\u00edlia!<\/p>\n<ul>\n<li><a href=\"https:\/\/photos.app.goo.gl\/DLAuAugBoQPJjA2w8\">ENLLA\u00c7 A LES FOTOGRAFIES<\/a><\/li>\n<\/ul>\n<p><a href=\"https:\/\/photos.app.goo.gl\/DLAuAugBoQPJjA2w8\"><\/a><\/p>\n","protected":false},"author":1,"featured_media":0,"comment_status":"open","ping_status":"closed","sticky":false,"template":"","format":"standard","meta":{"_bbp_topic_count":0,"_bbp_reply_count":0,"_bbp_total_topic_count":0,"_bbp_total_reply_count":0,"_bbp_voice_count":0,"_bbp_anonymous_reply_count":0,"_bbp_topic_count_hidden":0,"_bbp_reply_count_hidden":0,"_bbp_forum_subforum_count":0,"footnotes":""},"categories":[3,2,4],"tags":[],"class_list":["post-9490","post","type-post","status-publish","format-standard","hentry","category-ei3-ei4-ei5","category-infantil","category-portada"],"post_mailing_queue_ids":[],"_links":{"self":[{"href":"https:\/\/agora.xtec.cat\/escolamestralvilanova\/wp-json\/wp\/v2\/posts\/9490","targetHints":{"allow":["GET"]}}],"collection":[{"href":"https:\/\/agora.xtec.cat\/escolamestralvilanova\/wp-json\/wp\/v2\/posts"}],"about":[{"href":"https:\/\/agora.xtec.cat\/escolamestralvilanova\/wp-json\/wp\/v2\/types\/post"}],"author":[{"embeddable":true,"href":"https:\/\/agora.xtec.cat\/escolamestralvilanova\/wp-json\/wp\/v2\/users\/1"}],"replies":[{"embeddable":true,"href":"https:\/\/agora.xtec.cat\/escolamestralvilanova\/wp-json\/wp\/v2\/comments?post=9490"}],"version-history":[{"count":1,"href":"https:\/\/agora.xtec.cat\/escolamestralvilanova\/wp-json\/wp\/v2\/posts\/9490\/revisions"}],"predecessor-version":[{"id":9492,"href":"https:\/\/agora.xtec.cat\/escolamestralvilanova\/wp-json\/wp\/v2\/posts\/9490\/revisions\/9492"}],"wp:attachment":[{"href":"https:\/\/agora.xtec.cat\/escolamestralvilanova\/wp-json\/wp\/v2\/media?parent=9490"}],"wp:term":[{"taxonomy":"category","embeddable":true,"href":"https:\/\/agora.xtec.cat\/escolamestralvilanova\/wp-json\/wp\/v2\/categories?post=9490"},{"taxonomy":"post_tag","embeddable":true,"href":"https:\/\/agora.xtec.cat\/escolamestralvilanova\/wp-json\/wp\/v2\/tags?post=9490"}],"curies":[{"name":"wp","href":"https:\/\/api.w.org\/{rel}","templated":true}]}}