{"id":9459,"date":"2024-11-19T10:32:09","date_gmt":"2024-11-19T09:32:09","guid":{"rendered":"https:\/\/agora.xtec.cat\/escolamestralvilanova\/?p=9459"},"modified":"2024-11-19T10:32:09","modified_gmt":"2024-11-19T09:32:09","slug":"anem-a-la-granadella","status":"publish","type":"post","link":"https:\/\/agora.xtec.cat\/escolamestralvilanova\/portada\/anem-a-la-granadella\/","title":{"rendered":"ANEM A LA GRANADELLA"},"content":{"rendered":"<p>El passat dimarts 12 de novembre els alumnes de Cicle Inicial i Cicle Mitj\u00e0 de la ZER vam anar a la Granadella per aprendre de primera m\u00e0 el proc\u00e9s d&#8217;elaboraci\u00f3 de l&#8217;oli.<\/p>\n<p>Ens va agradar molt i ens ho vam passar molt b\u00e9!<\/p>\n<ul>\n<li><a href=\"https:\/\/photos.app.goo.gl\/wS2t666PYUXQ7scY8\">ENLLA\u00c7 A LES FOTOGRAFIES<\/a><\/li>\n<\/ul>\n<p><a href=\"https:\/\/photos.app.goo.gl\/wS2t666PYUXQ7scY8\"><img loading=\"lazy\" decoding=\"async\" class=\"alignnone wp-image-9460 size-medium\" src=\"https:\/\/agora.xtec.cat\/escolamestralvilanova\/wp-content\/uploads\/usu729\/2024\/11\/IMG_20241112_110227-rotated-e1732008695372-257x300.jpg\" alt=\"\" width=\"257\" height=\"300\" srcset=\"https:\/\/agora.xtec.cat\/escolamestralvilanova\/wp-content\/uploads\/usu729\/2024\/11\/IMG_20241112_110227-rotated-e1732008695372-257x300.jpg 257w, https:\/\/agora.xtec.cat\/escolamestralvilanova\/wp-content\/uploads\/usu729\/2024\/11\/IMG_20241112_110227-rotated-e1732008695372.jpg 480w\" sizes=\"auto, (max-width: 257px) 100vw, 257px\" \/><\/a><\/p>\n","protected":false},"excerpt":{"rendered":"<p>El passat dimarts 12 de novembre els alumnes de Cicle Inicial i Cicle Mitj\u00e0 de la ZER vam anar a la Granadella per aprendre de primera m\u00e0 el proc\u00e9s d&#8217;elaboraci\u00f3 de l&#8217;oli.<br \/>\nEns va agradar molt i ens ho vam passar molt b\u00e9!<\/p>\n<ul>\n<li><a href=\"https:\/\/photos.app.goo.gl\/wS2t666PYUXQ7scY8\">ENLLA\u00c7 A LES&hellip;  <a href=\"https:\/\/agora.xtec.cat\/escolamestralvilanova\/portada\/anem-a-la-granadella\/\" title=\"Read ANEM A LA GRANADELLA\">Llegeix m\u00e9s\u00bb<\/a><br \/>\n","protected":false},"author":1,"featured_media":0,"comment_status":"open","ping_status":"closed","sticky":false,"template":"","format":"standard","meta":{"_bbp_topic_count":0,"_bbp_reply_count":0,"_bbp_total_topic_count":0,"_bbp_total_reply_count":0,"_bbp_voice_count":0,"_bbp_anonymous_reply_count":0,"_bbp_topic_count_hidden":0,"_bbp_reply_count_hidden":0,"_bbp_forum_subforum_count":0,"footnotes":""},"categories":[11,12,4,5],"tags":[],"class_list":["post-9459","post","type-post","status-publish","format-standard","hentry","category-cicle-inicial","category-tercer-quart","category-portada","category-primaria"],"post_mailing_queue_ids":[],"_links":{"self":[{"href":"https:\/\/agora.xtec.cat\/escolamestralvilanova\/wp-json\/wp\/v2\/posts\/9459","targetHints":{"allow":["GET"]}}],"collection":[{"href":"https:\/\/agora.xtec.cat\/escolamestralvilanova\/wp-json\/wp\/v2\/posts"}],"about":[{"href":"https:\/\/agora.xtec.cat\/escolamestralvilanova\/wp-json\/wp\/v2\/types\/post"}],"author":[{"embeddable":true,"href":"https:\/\/agora.xtec.cat\/escolamestralvilanova\/wp-json\/wp\/v2\/users\/1"}],"replies":[{"embeddable":true,"href":"https:\/\/agora.xtec.cat\/escolamestralvilanova\/wp-json\/wp\/v2\/comments?post=9459"}],"version-history":[{"count":1,"href":"https:\/\/agora.xtec.cat\/escolamestralvilanova\/wp-json\/wp\/v2\/posts\/9459\/revisions"}],"predecessor-version":[{"id":9461,"href":"https:\/\/agora.xtec.cat\/escolamestralvilanova\/wp-json\/wp\/v2\/posts\/9459\/revisions\/9461"}],"wp:attachment":[{"href":"https:\/\/agora.xtec.cat\/escolamestralvilanova\/wp-json\/wp\/v2\/media?parent=9459"}],"wp:term":[{"taxonomy":"category","embeddable":true,"href":"https:\/\/agora.xtec.cat\/escolamestralvilanova\/wp-json\/wp\/v2\/categories?post=9459"},{"taxonomy":"post_tag","embeddable":true,"href":"https:\/\/agora.xtec.cat\/escolamestralvilanova\/wp-json\/wp\/v2\/tags?post=9459"}],"curies":[{"name":"wp","href":"https:\/\/api.w.org\/{rel}","templated":true}]}}