{"id":9437,"date":"2024-11-07T09:39:11","date_gmt":"2024-11-07T08:39:11","guid":{"rendered":"https:\/\/agora.xtec.cat\/escolamestralvilanova\/?p=9437"},"modified":"2024-11-07T09:39:11","modified_gmt":"2024-11-07T08:39:11","slug":"vincles-i3-marc","status":"publish","type":"post","link":"https:\/\/agora.xtec.cat\/escolamestralvilanova\/infantil\/vincles-i3-marc\/","title":{"rendered":"VINCLES I3: Marc"},"content":{"rendered":"<p dir=\"auto\" style=\"text-align: justify;\">Ahir van venir el pare i la mare del Marc a compartir la capsa de vida a l&#8217;aula.<\/p>\n<p dir=\"auto\" style=\"text-align: justify;\">Ens van explicar amb imatges i objectes all\u00f2 que m\u00e9s li agrada al Marc. Al Marc li agraden molt els globus, per\u00f2 no els sap inflar. Aix\u00ed que els seus pares ens van preparar un experiment per inflar un globus sense bufar!<\/p>\n<p dir=\"auto\" style=\"text-align: justify;\">El vam fer tots i ens va sorprendre molt. Moltes gr\u00e0cies fam\u00edlia per venir!<\/p>\n<ul>\n<li dir=\"auto\"><a href=\"https:\/\/photos.app.goo.gl\/FdgkGVaxzWWKRcB36\">ENLLA\u00c7 A LES FOTOGRAFIES<\/a><\/li>\n<\/ul>\n<p><a href=\"https:\/\/photos.app.goo.gl\/FdgkGVaxzWWKRcB36\"><img loading=\"lazy\" decoding=\"async\" class=\"alignnone size-medium wp-image-9438\" src=\"https:\/\/agora.xtec.cat\/escolamestralvilanova\/wp-content\/uploads\/usu729\/2024\/11\/MARC-300x197.png\" alt=\"\" width=\"300\" height=\"197\" srcset=\"https:\/\/agora.xtec.cat\/escolamestralvilanova\/wp-content\/uploads\/usu729\/2024\/11\/MARC-300x197.png 300w, https:\/\/agora.xtec.cat\/escolamestralvilanova\/wp-content\/uploads\/usu729\/2024\/11\/MARC.png 640w\" sizes=\"auto, (max-width: 300px) 100vw, 300px\" \/><\/a><\/p>\n","protected":false},"excerpt":{"rendered":"<p>Ahir van venir el pare i la mare del Marc a compartir la capsa de vida a l&#8217;aula.<br \/>\nEns van explicar amb imatges i objectes all\u00f2 que m\u00e9s li agrada al Marc. Al Marc li agraden molt els globus, per\u00f2 no els sap inflar. Aix\u00ed que&hellip;  <a href=\"https:\/\/agora.xtec.cat\/escolamestralvilanova\/infantil\/vincles-i3-marc\/\" title=\"Read VINCLES I3: Marc\">Llegeix m\u00e9s\u00bb<\/a><\/p>\n","protected":false},"author":1,"featured_media":0,"comment_status":"open","ping_status":"closed","sticky":false,"template":"","format":"standard","meta":{"_bbp_topic_count":0,"_bbp_reply_count":0,"_bbp_total_topic_count":0,"_bbp_total_reply_count":0,"_bbp_voice_count":0,"_bbp_anonymous_reply_count":0,"_bbp_topic_count_hidden":0,"_bbp_reply_count_hidden":0,"_bbp_forum_subforum_count":0,"footnotes":""},"categories":[3,2,4],"tags":[],"class_list":["post-9437","post","type-post","status-publish","format-standard","hentry","category-ei3-ei4-ei5","category-infantil","category-portada"],"post_mailing_queue_ids":[],"_links":{"self":[{"href":"https:\/\/agora.xtec.cat\/escolamestralvilanova\/wp-json\/wp\/v2\/posts\/9437","targetHints":{"allow":["GET"]}}],"collection":[{"href":"https:\/\/agora.xtec.cat\/escolamestralvilanova\/wp-json\/wp\/v2\/posts"}],"about":[{"href":"https:\/\/agora.xtec.cat\/escolamestralvilanova\/wp-json\/wp\/v2\/types\/post"}],"author":[{"embeddable":true,"href":"https:\/\/agora.xtec.cat\/escolamestralvilanova\/wp-json\/wp\/v2\/users\/1"}],"replies":[{"embeddable":true,"href":"https:\/\/agora.xtec.cat\/escolamestralvilanova\/wp-json\/wp\/v2\/comments?post=9437"}],"version-history":[{"count":1,"href":"https:\/\/agora.xtec.cat\/escolamestralvilanova\/wp-json\/wp\/v2\/posts\/9437\/revisions"}],"predecessor-version":[{"id":9439,"href":"https:\/\/agora.xtec.cat\/escolamestralvilanova\/wp-json\/wp\/v2\/posts\/9437\/revisions\/9439"}],"wp:attachment":[{"href":"https:\/\/agora.xtec.cat\/escolamestralvilanova\/wp-json\/wp\/v2\/media?parent=9437"}],"wp:term":[{"taxonomy":"category","embeddable":true,"href":"https:\/\/agora.xtec.cat\/escolamestralvilanova\/wp-json\/wp\/v2\/categories?post=9437"},{"taxonomy":"post_tag","embeddable":true,"href":"https:\/\/agora.xtec.cat\/escolamestralvilanova\/wp-json\/wp\/v2\/tags?post=9437"}],"curies":[{"name":"wp","href":"https:\/\/api.w.org\/{rel}","templated":true}]}}