{"id":9434,"date":"2024-11-06T11:44:40","date_gmt":"2024-11-06T10:44:40","guid":{"rendered":"https:\/\/agora.xtec.cat\/escolamestralvilanova\/?p=9434"},"modified":"2024-11-06T09:47:20","modified_gmt":"2024-11-06T08:47:20","slug":"vincles-i3-nuria-i-arnau","status":"publish","type":"post","link":"https:\/\/agora.xtec.cat\/escolamestralvilanova\/infantil\/vincles-i3-nuria-i-arnau\/","title":{"rendered":"VINCLES I3: N\u00faria i Arnau"},"content":{"rendered":"<p dir=\"auto\">El dilluns ens va visitar l&#8217;\u00cdngrid,\u00a0 la mare de l&#8217;Arnau i la N\u00faria.<\/p>\n<p dir=\"auto\">Van explicar la seva capsa de vida, partint del vincle que els uneix com a germans bessons. A la N\u00faria li encanta preparar-se &#8220;bolsos&#8221;, a l&#8217;Arnau tocar la trompeta i els cotxes. A un la m\u00fasica i les can\u00e7ons i a l&#8217;altre els contes.<\/p>\n<p dir=\"auto\">Aix\u00ed que l&#8217;\u00cdngrid ens va explicar el conte de l&#8217;abra\u00e7ada i va cantar-nos la can\u00e7\u00f3 de la tortuga.<\/p>\n<p dir=\"auto\">Ens ho hem passat molt b\u00e9,\u00a0 moltes gr\u00e0cies fam\u00edlia!!<\/p>\n<ul>\n<li dir=\"auto\"><a href=\"https:\/\/photos.app.goo.gl\/gNqvR3cNMr2cfPir6\">ENLLA\u00c7 A LES FOTOGRAFIES<\/a><\/li>\n<\/ul>\n<p><a href=\"https:\/\/photos.app.goo.gl\/gNqvR3cNMr2cfPir6\"><img loading=\"lazy\" decoding=\"async\" class=\"alignnone size-medium wp-image-9435\" src=\"https:\/\/agora.xtec.cat\/escolamestralvilanova\/wp-content\/uploads\/usu729\/2024\/11\/VINCLES-300x207.png\" alt=\"\" width=\"300\" height=\"207\" srcset=\"https:\/\/agora.xtec.cat\/escolamestralvilanova\/wp-content\/uploads\/usu729\/2024\/11\/VINCLES-300x207.png 300w, https:\/\/agora.xtec.cat\/escolamestralvilanova\/wp-content\/uploads\/usu729\/2024\/11\/VINCLES-768x530.png 768w, https:\/\/agora.xtec.cat\/escolamestralvilanova\/wp-content\/uploads\/usu729\/2024\/11\/VINCLES.png 921w\" sizes=\"auto, (max-width: 300px) 100vw, 300px\" \/><\/a><\/p>\n","protected":false},"excerpt":{"rendered":"<p>El dilluns ens va visitar l&#8217;\u00cdngrid,\u00a0 la mare de l&#8217;Arnau i la N\u00faria.<br \/>\nVan explicar la seva capsa de vida, partint del vincle que els uneix com a germans bessons. A la N\u00faria li encanta preparar-se &#8220;bolsos&#8221;, a l&#8217;Arnau tocar la trompeta i els cotxes. A&hellip;  <a href=\"https:\/\/agora.xtec.cat\/escolamestralvilanova\/infantil\/vincles-i3-nuria-i-arnau\/\" title=\"Read VINCLES I3: N\u00faria i Arnau\">Llegeix m\u00e9s\u00bb<\/a><\/p>\n","protected":false},"author":1,"featured_media":0,"comment_status":"open","ping_status":"closed","sticky":false,"template":"","format":"standard","meta":{"_bbp_topic_count":0,"_bbp_reply_count":0,"_bbp_total_topic_count":0,"_bbp_total_reply_count":0,"_bbp_voice_count":0,"_bbp_anonymous_reply_count":0,"_bbp_topic_count_hidden":0,"_bbp_reply_count_hidden":0,"_bbp_forum_subforum_count":0,"footnotes":""},"categories":[3,2,4],"tags":[],"class_list":["post-9434","post","type-post","status-publish","format-standard","hentry","category-ei3-ei4-ei5","category-infantil","category-portada"],"post_mailing_queue_ids":[],"_links":{"self":[{"href":"https:\/\/agora.xtec.cat\/escolamestralvilanova\/wp-json\/wp\/v2\/posts\/9434","targetHints":{"allow":["GET"]}}],"collection":[{"href":"https:\/\/agora.xtec.cat\/escolamestralvilanova\/wp-json\/wp\/v2\/posts"}],"about":[{"href":"https:\/\/agora.xtec.cat\/escolamestralvilanova\/wp-json\/wp\/v2\/types\/post"}],"author":[{"embeddable":true,"href":"https:\/\/agora.xtec.cat\/escolamestralvilanova\/wp-json\/wp\/v2\/users\/1"}],"replies":[{"embeddable":true,"href":"https:\/\/agora.xtec.cat\/escolamestralvilanova\/wp-json\/wp\/v2\/comments?post=9434"}],"version-history":[{"count":1,"href":"https:\/\/agora.xtec.cat\/escolamestralvilanova\/wp-json\/wp\/v2\/posts\/9434\/revisions"}],"predecessor-version":[{"id":9436,"href":"https:\/\/agora.xtec.cat\/escolamestralvilanova\/wp-json\/wp\/v2\/posts\/9434\/revisions\/9436"}],"wp:attachment":[{"href":"https:\/\/agora.xtec.cat\/escolamestralvilanova\/wp-json\/wp\/v2\/media?parent=9434"}],"wp:term":[{"taxonomy":"category","embeddable":true,"href":"https:\/\/agora.xtec.cat\/escolamestralvilanova\/wp-json\/wp\/v2\/categories?post=9434"},{"taxonomy":"post_tag","embeddable":true,"href":"https:\/\/agora.xtec.cat\/escolamestralvilanova\/wp-json\/wp\/v2\/tags?post=9434"}],"curies":[{"name":"wp","href":"https:\/\/api.w.org\/{rel}","templated":true}]}}