{"id":9421,"date":"2024-10-29T15:24:20","date_gmt":"2024-10-29T14:24:20","guid":{"rendered":"https:\/\/agora.xtec.cat\/escolamestralvilanova\/?p=9421"},"modified":"2024-10-29T13:28:58","modified_gmt":"2024-10-29T12:28:58","slug":"castanyada-mercat-de-tardor-2","status":"publish","type":"post","link":"https:\/\/agora.xtec.cat\/escolamestralvilanova\/infantil\/castanyada-mercat-de-tardor-2\/","title":{"rendered":"CASTANYADA: MERCAT DE TARDOR"},"content":{"rendered":"<p>El proper\u00a0<b>dimecres 30 d&#8217;octubre<\/b>\u00a0a partir\u00a0de\u00a0les\u00a0<b>16 hores\u00a0de\u00a0la tarda<\/b>, es realitzar\u00e0 el ja tradicional<b>\u00a0&#8220;Mercat\u00a0de\u00a0tardor&#8221;<wbr \/>\u00a0<\/b>on es vendran piruletes de xocolata que hem realitzat entre tots i totes.<\/p>\n<p>La venta anir\u00e0 a c\u00e0rrec dels alumnes\u00a0de\u00a0Cicle Superior i es realitzar\u00e0 al pati\u00a0de\u00a0l&#8217;escola\u00a0<b>a partir de les 16 hores <\/b>i el preu ser\u00e0 de<b> 2\u20ac.<\/b><\/p>\n<p>La recaptaci\u00f3 es destinar\u00e0 a la subvenci\u00f3\u00a0de\u00a0la sortida\u00a0de\u00a0final\u00a0de\u00a0curs que es realitzar\u00e0 al juny.<\/p>\n<p>A continuaci\u00f3 us mostrem les fotografies de la seva elaboraci\u00f3, ens ha agradat molt!<\/p>\n<ul>\n<li><a href=\"https:\/\/photos.app.goo.gl\/kFjsB8SYUPYSWyWv5\">ENLLA\u00c7 A LES FOTOGRAFIES<\/a><\/li>\n<\/ul>\n<p><a href=\"https:\/\/photos.app.goo.gl\/kFjsB8SYUPYSWyWv5\"><img loading=\"lazy\" decoding=\"async\" class=\"alignnone size-medium wp-image-9422\" src=\"https:\/\/agora.xtec.cat\/escolamestralvilanova\/wp-content\/uploads\/usu729\/2024\/10\/piruletes-300x193.png\" alt=\"\" width=\"300\" height=\"193\" srcset=\"https:\/\/agora.xtec.cat\/escolamestralvilanova\/wp-content\/uploads\/usu729\/2024\/10\/piruletes-300x193.png 300w, https:\/\/agora.xtec.cat\/escolamestralvilanova\/wp-content\/uploads\/usu729\/2024\/10\/piruletes-1024x657.png 1024w, https:\/\/agora.xtec.cat\/escolamestralvilanova\/wp-content\/uploads\/usu729\/2024\/10\/piruletes-768x493.png 768w, https:\/\/agora.xtec.cat\/escolamestralvilanova\/wp-content\/uploads\/usu729\/2024\/10\/piruletes.png 1214w\" sizes=\"auto, (max-width: 300px) 100vw, 300px\" \/><\/a><\/p>\n","protected":false},"excerpt":{"rendered":"<p>El proper\u00a0dimecres 30 d&#8217;octubre\u00a0a partir\u00a0de\u00a0les\u00a016 hores\u00a0de\u00a0la tarda, es realitzar\u00e0 el ja tradicional\u00a0&#8220;Mercat\u00a0de\u00a0tardor&#8221;\u00a0on es vendran piruletes de xocolata que hem realitzat entre tots i totes.<br \/>\nLa venta anir\u00e0 a c\u00e0rrec dels alumnes\u00a0de\u00a0Cicle Superior i es realitzar\u00e0 al pati\u00a0de\u00a0l&#8217;escola\u00a0a partir de les 16 hores i el preu ser\u00e0&hellip;  <a href=\"https:\/\/agora.xtec.cat\/escolamestralvilanova\/infantil\/castanyada-mercat-de-tardor-2\/\" title=\"Read CASTANYADA: MERCAT DE TARDOR\">Llegeix m\u00e9s\u00bb<\/a><\/p>\n","protected":false},"author":1,"featured_media":0,"comment_status":"open","ping_status":"closed","sticky":false,"template":"","format":"standard","meta":{"_bbp_topic_count":0,"_bbp_reply_count":0,"_bbp_total_topic_count":0,"_bbp_total_reply_count":0,"_bbp_voice_count":0,"_bbp_anonymous_reply_count":0,"_bbp_topic_count_hidden":0,"_bbp_reply_count_hidden":0,"_bbp_forum_subforum_count":0,"footnotes":""},"categories":[11,12,15,3,2,4,5],"tags":[],"class_list":["post-9421","post","type-post","status-publish","format-standard","hentry","category-cicle-inicial","category-tercer-quart","category-cicle-superior","category-ei3-ei4-ei5","category-infantil","category-portada","category-primaria"],"post_mailing_queue_ids":[],"_links":{"self":[{"href":"https:\/\/agora.xtec.cat\/escolamestralvilanova\/wp-json\/wp\/v2\/posts\/9421","targetHints":{"allow":["GET"]}}],"collection":[{"href":"https:\/\/agora.xtec.cat\/escolamestralvilanova\/wp-json\/wp\/v2\/posts"}],"about":[{"href":"https:\/\/agora.xtec.cat\/escolamestralvilanova\/wp-json\/wp\/v2\/types\/post"}],"author":[{"embeddable":true,"href":"https:\/\/agora.xtec.cat\/escolamestralvilanova\/wp-json\/wp\/v2\/users\/1"}],"replies":[{"embeddable":true,"href":"https:\/\/agora.xtec.cat\/escolamestralvilanova\/wp-json\/wp\/v2\/comments?post=9421"}],"version-history":[{"count":1,"href":"https:\/\/agora.xtec.cat\/escolamestralvilanova\/wp-json\/wp\/v2\/posts\/9421\/revisions"}],"predecessor-version":[{"id":9423,"href":"https:\/\/agora.xtec.cat\/escolamestralvilanova\/wp-json\/wp\/v2\/posts\/9421\/revisions\/9423"}],"wp:attachment":[{"href":"https:\/\/agora.xtec.cat\/escolamestralvilanova\/wp-json\/wp\/v2\/media?parent=9421"}],"wp:term":[{"taxonomy":"category","embeddable":true,"href":"https:\/\/agora.xtec.cat\/escolamestralvilanova\/wp-json\/wp\/v2\/categories?post=9421"},{"taxonomy":"post_tag","embeddable":true,"href":"https:\/\/agora.xtec.cat\/escolamestralvilanova\/wp-json\/wp\/v2\/tags?post=9421"}],"curies":[{"name":"wp","href":"https:\/\/api.w.org\/{rel}","templated":true}]}}