{"id":9412,"date":"2024-10-29T12:55:45","date_gmt":"2024-10-29T11:55:45","guid":{"rendered":"https:\/\/agora.xtec.cat\/escolamestralvilanova\/?p=9412"},"modified":"2024-10-29T12:56:10","modified_gmt":"2024-10-29T11:56:10","slug":"castanyada-fem-panellets-2","status":"publish","type":"post","link":"https:\/\/agora.xtec.cat\/escolamestralvilanova\/infantil\/castanyada-fem-panellets-2\/","title":{"rendered":"CASTANYADA: FEM PANELLETS"},"content":{"rendered":"<p>Ahir tots els i les alumnes de l&#8217;escola vam elaborar panellets de diferents gustos: coco, atmella, xocolata, codonyat, pinyons\u2026<\/p>\n<p>Una vegada han reposat, aquest mat\u00ed els hem portat a coure al forn de la S\u00f2nia i l&#8217;Adri\u00e0, moltes gr\u00e0cies!!!<\/p>\n<p>Mireu quina bona pinta!<\/p>\n<ul>\n<li><a href=\"https:\/\/photos.app.goo.gl\/eBb8uPJdarZLXMXu7\">ENLLA\u00c7 A LES FOTOGRAFIES<\/a><\/li>\n<\/ul>\n<p><a href=\"https:\/\/photos.app.goo.gl\/eBb8uPJdarZLXMXu7\"><img loading=\"lazy\" decoding=\"async\" class=\"alignnone size-medium wp-image-9413\" src=\"https:\/\/agora.xtec.cat\/escolamestralvilanova\/wp-content\/uploads\/usu729\/2024\/10\/IMG_3714-300x225.jpg\" alt=\"\" width=\"300\" height=\"225\" srcset=\"https:\/\/agora.xtec.cat\/escolamestralvilanova\/wp-content\/uploads\/usu729\/2024\/10\/IMG_3714-300x225.jpg 300w, https:\/\/agora.xtec.cat\/escolamestralvilanova\/wp-content\/uploads\/usu729\/2024\/10\/IMG_3714-200x150.jpg 200w, https:\/\/agora.xtec.cat\/escolamestralvilanova\/wp-content\/uploads\/usu729\/2024\/10\/IMG_3714.jpg 640w\" sizes=\"auto, (max-width: 300px) 100vw, 300px\" \/><\/a><\/p>\n","protected":false},"excerpt":{"rendered":"<p>Ahir tots els i les alumnes de l&#8217;escola vam elaborar panellets de diferents gustos: coco, atmella, xocolata, codonyat, pinyons\u2026<br \/>\nUna vegada han reposat, aquest mat\u00ed els hem portat a coure al forn de la S\u00f2nia i l&#8217;Adri\u00e0, moltes gr\u00e0cies!!!<br \/>\nMireu quina bona pinta!<\/p>\n<ul>\n<li><a href=\"https:\/\/photos.app.goo.gl\/eBb8uPJdarZLXMXu7\">ENLLA\u00c7 A LES FOTOGRAFIES<\/a><\/li>\n<\/ul>\n<p><a&hellip;  <a href=\"https:\/\/agora.xtec.cat\/escolamestralvilanova\/infantil\/castanyada-fem-panellets-2\/\" title=\"Read CASTANYADA: FEM PANELLETS\">Llegeix m\u00e9s\u00bb<\/a><\/p>\n","protected":false},"author":1,"featured_media":0,"comment_status":"open","ping_status":"closed","sticky":false,"template":"","format":"standard","meta":{"_bbp_topic_count":0,"_bbp_reply_count":0,"_bbp_total_topic_count":0,"_bbp_total_reply_count":0,"_bbp_voice_count":0,"_bbp_anonymous_reply_count":0,"_bbp_topic_count_hidden":0,"_bbp_reply_count_hidden":0,"_bbp_forum_subforum_count":0,"footnotes":""},"categories":[11,12,15,3,2,4,5],"tags":[],"class_list":["post-9412","post","type-post","status-publish","format-standard","hentry","category-cicle-inicial","category-tercer-quart","category-cicle-superior","category-ei3-ei4-ei5","category-infantil","category-portada","category-primaria"],"post_mailing_queue_ids":[],"_links":{"self":[{"href":"https:\/\/agora.xtec.cat\/escolamestralvilanova\/wp-json\/wp\/v2\/posts\/9412","targetHints":{"allow":["GET"]}}],"collection":[{"href":"https:\/\/agora.xtec.cat\/escolamestralvilanova\/wp-json\/wp\/v2\/posts"}],"about":[{"href":"https:\/\/agora.xtec.cat\/escolamestralvilanova\/wp-json\/wp\/v2\/types\/post"}],"author":[{"embeddable":true,"href":"https:\/\/agora.xtec.cat\/escolamestralvilanova\/wp-json\/wp\/v2\/users\/1"}],"replies":[{"embeddable":true,"href":"https:\/\/agora.xtec.cat\/escolamestralvilanova\/wp-json\/wp\/v2\/comments?post=9412"}],"version-history":[{"count":1,"href":"https:\/\/agora.xtec.cat\/escolamestralvilanova\/wp-json\/wp\/v2\/posts\/9412\/revisions"}],"predecessor-version":[{"id":9414,"href":"https:\/\/agora.xtec.cat\/escolamestralvilanova\/wp-json\/wp\/v2\/posts\/9412\/revisions\/9414"}],"wp:attachment":[{"href":"https:\/\/agora.xtec.cat\/escolamestralvilanova\/wp-json\/wp\/v2\/media?parent=9412"}],"wp:term":[{"taxonomy":"category","embeddable":true,"href":"https:\/\/agora.xtec.cat\/escolamestralvilanova\/wp-json\/wp\/v2\/categories?post=9412"},{"taxonomy":"post_tag","embeddable":true,"href":"https:\/\/agora.xtec.cat\/escolamestralvilanova\/wp-json\/wp\/v2\/tags?post=9412"}],"curies":[{"name":"wp","href":"https:\/\/api.w.org\/{rel}","templated":true}]}}