{"id":9398,"date":"2024-10-24T13:40:04","date_gmt":"2024-10-24T11:40:04","guid":{"rendered":"https:\/\/agora.xtec.cat\/escolamestralvilanova\/?p=9398"},"modified":"2024-10-24T13:40:04","modified_gmt":"2024-10-24T11:40:04","slug":"anem-a-comprar-planter-5","status":"publish","type":"post","link":"https:\/\/agora.xtec.cat\/escolamestralvilanova\/infantil\/anem-a-comprar-planter-5\/","title":{"rendered":"ANEM A COMPRAR PLANTER!"},"content":{"rendered":"<p>El divendres els infants d&#8217;I3 vam anar a buscar planter a la parada del Jarana que com sempre ens ha tractat d\u2019all\u00f2 m\u00e9s b\u00e9.<\/p>\n<p>Ara, l\u2019haurem de plantar a l\u2019hort de l\u2019escola!<\/p>\n<ul>\n<li><a href=\"https:\/\/photos.app.goo.gl\/gwoEvD6dCHm9tPnh7\">ENLLA\u00c7 A LES FOTOGRAFIES\u00a0<\/a><\/li>\n<\/ul>\n<p><a href=\"https:\/\/photos.app.goo.gl\/gwoEvD6dCHm9tPnh7\"><img loading=\"lazy\" decoding=\"async\" class=\"size-medium wp-image-9399 alignnone\" src=\"https:\/\/agora.xtec.cat\/escolamestralvilanova\/wp-content\/uploads\/usu729\/2024\/10\/20241018_093049-300x225.jpg\" alt=\"\" width=\"300\" height=\"225\" srcset=\"https:\/\/agora.xtec.cat\/escolamestralvilanova\/wp-content\/uploads\/usu729\/2024\/10\/20241018_093049-300x225.jpg 300w, https:\/\/agora.xtec.cat\/escolamestralvilanova\/wp-content\/uploads\/usu729\/2024\/10\/20241018_093049-200x150.jpg 200w, https:\/\/agora.xtec.cat\/escolamestralvilanova\/wp-content\/uploads\/usu729\/2024\/10\/20241018_093049.jpg 640w\" sizes=\"auto, (max-width: 300px) 100vw, 300px\" \/><\/a><\/p>\n","protected":false},"excerpt":{"rendered":"<p>El divendres els infants d&#8217;I3 vam anar a buscar planter a la parada del Jarana que com sempre ens ha tractat d\u2019all\u00f2 m\u00e9s b\u00e9.<br \/>\nAra, l\u2019haurem de plantar a l\u2019hort de l\u2019escola!<\/p>\n<ul>\n<li><a href=\"https:\/\/photos.app.goo.gl\/gwoEvD6dCHm9tPnh7\">ENLLA\u00c7 A LES FOTOGRAFIES\u00a0<\/a><\/li>\n<\/ul>\n<p><a href=\"https:\/\/photos.app.goo.gl\/gwoEvD6dCHm9tPnh7\"><\/a><\/p>\n","protected":false},"author":1,"featured_media":0,"comment_status":"open","ping_status":"closed","sticky":false,"template":"","format":"standard","meta":{"_bbp_topic_count":0,"_bbp_reply_count":0,"_bbp_total_topic_count":0,"_bbp_total_reply_count":0,"_bbp_voice_count":0,"_bbp_anonymous_reply_count":0,"_bbp_topic_count_hidden":0,"_bbp_reply_count_hidden":0,"_bbp_forum_subforum_count":0,"footnotes":""},"categories":[3,2,4],"tags":[],"class_list":["post-9398","post","type-post","status-publish","format-standard","hentry","category-ei3-ei4-ei5","category-infantil","category-portada"],"post_mailing_queue_ids":[],"_links":{"self":[{"href":"https:\/\/agora.xtec.cat\/escolamestralvilanova\/wp-json\/wp\/v2\/posts\/9398","targetHints":{"allow":["GET"]}}],"collection":[{"href":"https:\/\/agora.xtec.cat\/escolamestralvilanova\/wp-json\/wp\/v2\/posts"}],"about":[{"href":"https:\/\/agora.xtec.cat\/escolamestralvilanova\/wp-json\/wp\/v2\/types\/post"}],"author":[{"embeddable":true,"href":"https:\/\/agora.xtec.cat\/escolamestralvilanova\/wp-json\/wp\/v2\/users\/1"}],"replies":[{"embeddable":true,"href":"https:\/\/agora.xtec.cat\/escolamestralvilanova\/wp-json\/wp\/v2\/comments?post=9398"}],"version-history":[{"count":1,"href":"https:\/\/agora.xtec.cat\/escolamestralvilanova\/wp-json\/wp\/v2\/posts\/9398\/revisions"}],"predecessor-version":[{"id":9400,"href":"https:\/\/agora.xtec.cat\/escolamestralvilanova\/wp-json\/wp\/v2\/posts\/9398\/revisions\/9400"}],"wp:attachment":[{"href":"https:\/\/agora.xtec.cat\/escolamestralvilanova\/wp-json\/wp\/v2\/media?parent=9398"}],"wp:term":[{"taxonomy":"category","embeddable":true,"href":"https:\/\/agora.xtec.cat\/escolamestralvilanova\/wp-json\/wp\/v2\/categories?post=9398"},{"taxonomy":"post_tag","embeddable":true,"href":"https:\/\/agora.xtec.cat\/escolamestralvilanova\/wp-json\/wp\/v2\/tags?post=9398"}],"curies":[{"name":"wp","href":"https:\/\/api.w.org\/{rel}","templated":true}]}}