{"id":9363,"date":"2024-10-15T12:49:56","date_gmt":"2024-10-15T10:49:56","guid":{"rendered":"https:\/\/agora.xtec.cat\/escolamestralvilanova\/?p=9363"},"modified":"2024-10-18T13:18:42","modified_gmt":"2024-10-18T11:18:42","slug":"vincles-i3","status":"publish","type":"post","link":"https:\/\/agora.xtec.cat\/escolamestralvilanova\/infantil\/vincles-i3\/","title":{"rendered":"VINCLES I3"},"content":{"rendered":"<p>Dins del projecte &#8220;Vincles&#8221; hem rebut la visita de la fam\u00edlia del Gen\u00eds.<\/p>\n<p>L&#8217;Anna, la seva mare, ens ha explicat la capsa de vida, juntament\u00a0amb el Gen\u00eds. Ens han contat 2 contes i hem estat jugant amb globus.<\/p>\n<p>Ens ho hem passat molt b\u00e9, moltes gr\u00e0cies fam\u00edlia!!<\/p>\n<ul>\n<li><a href=\"https:\/\/photos.app.goo.gl\/3pW2Sm2SsGXqrqPC7\">ENLLA\u00c7 A LES FOTOGRAFIES<\/a><\/li>\n<\/ul>\n<p><a href=\"https:\/\/photos.app.goo.gl\/3pW2Sm2SsGXqrqPC7\"><img loading=\"lazy\" decoding=\"async\" class=\"alignnone size-medium wp-image-9364\" src=\"https:\/\/agora.xtec.cat\/escolamestralvilanova\/wp-content\/uploads\/usu729\/2024\/10\/IMG_3069-300x225.jpg\" alt=\"\" width=\"300\" height=\"225\" srcset=\"https:\/\/agora.xtec.cat\/escolamestralvilanova\/wp-content\/uploads\/usu729\/2024\/10\/IMG_3069-300x225.jpg 300w, https:\/\/agora.xtec.cat\/escolamestralvilanova\/wp-content\/uploads\/usu729\/2024\/10\/IMG_3069-200x150.jpg 200w, https:\/\/agora.xtec.cat\/escolamestralvilanova\/wp-content\/uploads\/usu729\/2024\/10\/IMG_3069.jpg 640w\" sizes=\"auto, (max-width: 300px) 100vw, 300px\" \/><\/a><\/p>\n<p>&nbsp;<\/p>\n","protected":false},"excerpt":{"rendered":"<p>Dins del projecte &#8220;Vincles&#8221; hem rebut la visita de la fam\u00edlia del Gen\u00eds.<br \/>\nL&#8217;Anna, la seva mare, ens ha explicat la capsa de vida, juntament\u00a0amb el Gen\u00eds. Ens han contat 2 contes i hem estat jugant amb globus.<br \/>\nEns ho hem passat molt b\u00e9, moltes gr\u00e0cies fam\u00edlia!!<\/p>\n<ul>\n<li><a&hellip;  <a href=\"https:\/\/agora.xtec.cat\/escolamestralvilanova\/infantil\/vincles-i3\/\" title=\"Read VINCLES I3\">Llegeix m\u00e9s\u00bb<\/a><br \/>\n","protected":false},"author":1,"featured_media":0,"comment_status":"open","ping_status":"closed","sticky":false,"template":"","format":"standard","meta":{"_bbp_topic_count":0,"_bbp_reply_count":0,"_bbp_total_topic_count":0,"_bbp_total_reply_count":0,"_bbp_voice_count":0,"_bbp_anonymous_reply_count":0,"_bbp_topic_count_hidden":0,"_bbp_reply_count_hidden":0,"_bbp_forum_subforum_count":0,"footnotes":""},"categories":[3,2,4],"tags":[],"class_list":["post-9363","post","type-post","status-publish","format-standard","hentry","category-ei3-ei4-ei5","category-infantil","category-portada"],"post_mailing_queue_ids":[],"_links":{"self":[{"href":"https:\/\/agora.xtec.cat\/escolamestralvilanova\/wp-json\/wp\/v2\/posts\/9363","targetHints":{"allow":["GET"]}}],"collection":[{"href":"https:\/\/agora.xtec.cat\/escolamestralvilanova\/wp-json\/wp\/v2\/posts"}],"about":[{"href":"https:\/\/agora.xtec.cat\/escolamestralvilanova\/wp-json\/wp\/v2\/types\/post"}],"author":[{"embeddable":true,"href":"https:\/\/agora.xtec.cat\/escolamestralvilanova\/wp-json\/wp\/v2\/users\/1"}],"replies":[{"embeddable":true,"href":"https:\/\/agora.xtec.cat\/escolamestralvilanova\/wp-json\/wp\/v2\/comments?post=9363"}],"version-history":[{"count":2,"href":"https:\/\/agora.xtec.cat\/escolamestralvilanova\/wp-json\/wp\/v2\/posts\/9363\/revisions"}],"predecessor-version":[{"id":9366,"href":"https:\/\/agora.xtec.cat\/escolamestralvilanova\/wp-json\/wp\/v2\/posts\/9363\/revisions\/9366"}],"wp:attachment":[{"href":"https:\/\/agora.xtec.cat\/escolamestralvilanova\/wp-json\/wp\/v2\/media?parent=9363"}],"wp:term":[{"taxonomy":"category","embeddable":true,"href":"https:\/\/agora.xtec.cat\/escolamestralvilanova\/wp-json\/wp\/v2\/categories?post=9363"},{"taxonomy":"post_tag","embeddable":true,"href":"https:\/\/agora.xtec.cat\/escolamestralvilanova\/wp-json\/wp\/v2\/tags?post=9363"}],"curies":[{"name":"wp","href":"https:\/\/api.w.org\/{rel}","templated":true}]}}