{"id":9317,"date":"2024-09-24T14:01:35","date_gmt":"2024-09-24T12:01:35","guid":{"rendered":"https:\/\/agora.xtec.cat\/escolamestralvilanova\/?p=9317"},"modified":"2024-09-24T14:01:35","modified_gmt":"2024-09-24T12:01:35","slug":"iniciem-la-robotica","status":"publish","type":"post","link":"https:\/\/agora.xtec.cat\/escolamestralvilanova\/general\/iniciem-la-robotica\/","title":{"rendered":"INICIEM LA ROB\u00d2TICA!"},"content":{"rendered":"<p>Els infants de cicle mitj\u00e0 ahir vam iniciar les sessions de rob\u00f2tica que farem cada dilluns a la tarda durant aquest curs.<\/p>\n<p>Hem descobert les Tale Bots i hem practicat les coordenades als taulells.<\/p>\n<p>Ens ha encantat!<\/p>\n<ul>\n<li><a href=\"https:\/\/photos.app.goo.gl\/wLUZrGurrsTKFgHj6\">ENLLA\u00c7 A LES FOTOGRAFIES<\/a><\/li>\n<\/ul>\n<p><a href=\"https:\/\/agora.xtec.cat\/escolamestralvilanova\/wp-content\/uploads\/usu729\/2024\/09\/15ff206d-760d-4a8c-acd1-b3edb7118ffd.jpg\"><img loading=\"lazy\" decoding=\"async\" class=\"aligncenter wp-image-9319 size-medium\" src=\"https:\/\/agora.xtec.cat\/escolamestralvilanova\/wp-content\/uploads\/usu729\/2024\/09\/15ff206d-760d-4a8c-acd1-b3edb7118ffd-225x300.jpg\" alt=\"\" width=\"225\" height=\"300\" srcset=\"https:\/\/agora.xtec.cat\/escolamestralvilanova\/wp-content\/uploads\/usu729\/2024\/09\/15ff206d-760d-4a8c-acd1-b3edb7118ffd-225x300.jpg 225w, https:\/\/agora.xtec.cat\/escolamestralvilanova\/wp-content\/uploads\/usu729\/2024\/09\/15ff206d-760d-4a8c-acd1-b3edb7118ffd-768x1024.jpg 768w, https:\/\/agora.xtec.cat\/escolamestralvilanova\/wp-content\/uploads\/usu729\/2024\/09\/15ff206d-760d-4a8c-acd1-b3edb7118ffd-1152x1536.jpg 1152w, https:\/\/agora.xtec.cat\/escolamestralvilanova\/wp-content\/uploads\/usu729\/2024\/09\/15ff206d-760d-4a8c-acd1-b3edb7118ffd.jpg 1200w\" sizes=\"auto, (max-width: 225px) 100vw, 225px\" \/><\/a><\/p>\n","protected":false},"excerpt":{"rendered":"<p>Els infants de cicle mitj\u00e0 ahir vam iniciar les sessions de rob\u00f2tica que farem cada dilluns a la tarda durant aquest curs.<br \/>\nHem descobert les Tale Bots i hem practicat les coordenades als taulells.<br \/>\nEns ha encantat!<\/p>\n<ul>\n<li><a href=\"https:\/\/photos.app.goo.gl\/wLUZrGurrsTKFgHj6\">ENLLA\u00c7 A LES FOTOGRAFIES<\/a><\/li>\n<\/ul>\n<p><a href=\"https:\/\/agora.xtec.cat\/escolamestralvilanova\/wp-content\/uploads\/usu729\/2024\/09\/15ff206d-760d-4a8c-acd1-b3edb7118ffd.jpg\"><\/a><\/p>\n","protected":false},"author":6,"featured_media":0,"comment_status":"open","ping_status":"closed","sticky":false,"template":"","format":"standard","meta":{"_bbp_topic_count":0,"_bbp_reply_count":0,"_bbp_total_topic_count":0,"_bbp_total_reply_count":0,"_bbp_voice_count":0,"_bbp_anonymous_reply_count":0,"_bbp_topic_count_hidden":0,"_bbp_reply_count_hidden":0,"_bbp_forum_subforum_count":0,"footnotes":""},"categories":[12,1,4,5],"tags":[],"class_list":["post-9317","post","type-post","status-publish","format-standard","hentry","category-tercer-quart","category-general","category-portada","category-primaria"],"post_mailing_queue_ids":[],"_links":{"self":[{"href":"https:\/\/agora.xtec.cat\/escolamestralvilanova\/wp-json\/wp\/v2\/posts\/9317","targetHints":{"allow":["GET"]}}],"collection":[{"href":"https:\/\/agora.xtec.cat\/escolamestralvilanova\/wp-json\/wp\/v2\/posts"}],"about":[{"href":"https:\/\/agora.xtec.cat\/escolamestralvilanova\/wp-json\/wp\/v2\/types\/post"}],"author":[{"embeddable":true,"href":"https:\/\/agora.xtec.cat\/escolamestralvilanova\/wp-json\/wp\/v2\/users\/6"}],"replies":[{"embeddable":true,"href":"https:\/\/agora.xtec.cat\/escolamestralvilanova\/wp-json\/wp\/v2\/comments?post=9317"}],"version-history":[{"count":2,"href":"https:\/\/agora.xtec.cat\/escolamestralvilanova\/wp-json\/wp\/v2\/posts\/9317\/revisions"}],"predecessor-version":[{"id":9322,"href":"https:\/\/agora.xtec.cat\/escolamestralvilanova\/wp-json\/wp\/v2\/posts\/9317\/revisions\/9322"}],"wp:attachment":[{"href":"https:\/\/agora.xtec.cat\/escolamestralvilanova\/wp-json\/wp\/v2\/media?parent=9317"}],"wp:term":[{"taxonomy":"category","embeddable":true,"href":"https:\/\/agora.xtec.cat\/escolamestralvilanova\/wp-json\/wp\/v2\/categories?post=9317"},{"taxonomy":"post_tag","embeddable":true,"href":"https:\/\/agora.xtec.cat\/escolamestralvilanova\/wp-json\/wp\/v2\/tags?post=9317"}],"curies":[{"name":"wp","href":"https:\/\/api.w.org\/{rel}","templated":true}]}}