{"id":9229,"date":"2024-06-19T09:14:51","date_gmt":"2024-06-19T07:14:51","guid":{"rendered":"https:\/\/agora.xtec.cat\/escolamestralvilanova\/?p=9229"},"modified":"2024-06-19T09:14:51","modified_gmt":"2024-06-19T07:14:51","slug":"aniversaris-estiu-i5","status":"publish","type":"post","link":"https:\/\/agora.xtec.cat\/escolamestralvilanova\/infantil\/aniversaris-estiu-i5\/","title":{"rendered":"ANIVERSARIS ESTIU I5"},"content":{"rendered":"<p dir=\"auto\" style=\"text-align: justify;\">Hem celebrat els aniversaris dels nens i nenes que fan anys a l&#8217;estiu. Entre tots hem preparat crepes de xocolata i pernil dol\u00e7 amb formatge.<\/p>\n<p dir=\"auto\" style=\"text-align: justify;\">Ens ha encantat preparar la massa i menjar-nos-les! Est\u00e0ven bon\u00edssimes!!!<\/p>\n<p dir=\"auto\" style=\"text-align: justify;\">Gr\u00e0cies fam\u00edlies per portar els ingredients i moltes felicitats al Gen\u00eds, la Freya, la Lilith i el Jan!!<\/p>\n<ul>\n<li dir=\"auto\"><a href=\"https:\/\/photos.app.goo.gl\/R7JJw94LLTJsMhKu7\">ENLLA\u00c7 A LES FOTOGRAFIES<\/a><\/li>\n<\/ul>\n<p><a href=\"https:\/\/photos.app.goo.gl\/R7JJw94LLTJsMhKu7\"><img loading=\"lazy\" decoding=\"async\" class=\"alignnone size-medium wp-image-9230\" src=\"https:\/\/agora.xtec.cat\/escolamestralvilanova\/wp-content\/uploads\/usu729\/2024\/06\/20240618_110031-300x225.jpg\" alt=\"\" width=\"300\" height=\"225\" srcset=\"https:\/\/agora.xtec.cat\/escolamestralvilanova\/wp-content\/uploads\/usu729\/2024\/06\/20240618_110031-300x225.jpg 300w, https:\/\/agora.xtec.cat\/escolamestralvilanova\/wp-content\/uploads\/usu729\/2024\/06\/20240618_110031-200x150.jpg 200w, https:\/\/agora.xtec.cat\/escolamestralvilanova\/wp-content\/uploads\/usu729\/2024\/06\/20240618_110031.jpg 448w\" sizes=\"auto, (max-width: 300px) 100vw, 300px\" \/><\/a><\/p>\n","protected":false},"excerpt":{"rendered":"<p>Hem celebrat els aniversaris dels nens i nenes que fan anys a l&#8217;estiu. Entre tots hem preparat crepes de xocolata i pernil dol\u00e7 amb formatge.<br \/>\nEns ha encantat preparar la massa i menjar-nos-les! Est\u00e0ven bon\u00edssimes!!!<br \/>\nGr\u00e0cies fam\u00edlies per portar els ingredients i moltes felicitats al Gen\u00eds, la&hellip;  <a href=\"https:\/\/agora.xtec.cat\/escolamestralvilanova\/infantil\/aniversaris-estiu-i5\/\" title=\"Read ANIVERSARIS ESTIU I5\">Llegeix m\u00e9s\u00bb<\/a><\/p>\n","protected":false},"author":1,"featured_media":0,"comment_status":"open","ping_status":"closed","sticky":false,"template":"","format":"standard","meta":{"_bbp_topic_count":0,"_bbp_reply_count":0,"_bbp_total_topic_count":0,"_bbp_total_reply_count":0,"_bbp_voice_count":0,"_bbp_anonymous_reply_count":0,"_bbp_topic_count_hidden":0,"_bbp_reply_count_hidden":0,"_bbp_forum_subforum_count":0,"footnotes":""},"categories":[2,4],"tags":[],"class_list":["post-9229","post","type-post","status-publish","format-standard","hentry","category-infantil","category-portada"],"post_mailing_queue_ids":[],"_links":{"self":[{"href":"https:\/\/agora.xtec.cat\/escolamestralvilanova\/wp-json\/wp\/v2\/posts\/9229","targetHints":{"allow":["GET"]}}],"collection":[{"href":"https:\/\/agora.xtec.cat\/escolamestralvilanova\/wp-json\/wp\/v2\/posts"}],"about":[{"href":"https:\/\/agora.xtec.cat\/escolamestralvilanova\/wp-json\/wp\/v2\/types\/post"}],"author":[{"embeddable":true,"href":"https:\/\/agora.xtec.cat\/escolamestralvilanova\/wp-json\/wp\/v2\/users\/1"}],"replies":[{"embeddable":true,"href":"https:\/\/agora.xtec.cat\/escolamestralvilanova\/wp-json\/wp\/v2\/comments?post=9229"}],"version-history":[{"count":1,"href":"https:\/\/agora.xtec.cat\/escolamestralvilanova\/wp-json\/wp\/v2\/posts\/9229\/revisions"}],"predecessor-version":[{"id":9231,"href":"https:\/\/agora.xtec.cat\/escolamestralvilanova\/wp-json\/wp\/v2\/posts\/9229\/revisions\/9231"}],"wp:attachment":[{"href":"https:\/\/agora.xtec.cat\/escolamestralvilanova\/wp-json\/wp\/v2\/media?parent=9229"}],"wp:term":[{"taxonomy":"category","embeddable":true,"href":"https:\/\/agora.xtec.cat\/escolamestralvilanova\/wp-json\/wp\/v2\/categories?post=9229"},{"taxonomy":"post_tag","embeddable":true,"href":"https:\/\/agora.xtec.cat\/escolamestralvilanova\/wp-json\/wp\/v2\/tags?post=9229"}],"curies":[{"name":"wp","href":"https:\/\/api.w.org\/{rel}","templated":true}]}}