{"id":9224,"date":"2024-06-14T10:13:27","date_gmt":"2024-06-14T08:13:27","guid":{"rendered":"https:\/\/agora.xtec.cat\/escolamestralvilanova\/?p=9224"},"modified":"2024-06-14T10:13:27","modified_gmt":"2024-06-14T08:13:27","slug":"orles-6e","status":"publish","type":"post","link":"https:\/\/agora.xtec.cat\/escolamestralvilanova\/portada\/orles-6e\/","title":{"rendered":"ORLES 6\u00e8"},"content":{"rendered":"<p style=\"text-align: justify;\">El passat dijous 13 de juny, es va dur a terme l\u2019acte d\u2019acomiadament dels i les alumnes de sis\u00e8 curs.<\/p>\n<blockquote>\n<p style=\"text-align: justify;\">Despr\u00e9s de nou anys a l\u2019escola ha arribat el moment de comen\u00e7ar una nova etapa,\u00a0 \u00e9s temps per valorar el bon cam\u00ed que heu fet plegats i la motxilla plena de viv\u00e8ncies, de descobertes, de participaci\u00f3, d\u2019opinions, d\u2019aprenentatges que us emporteu de la vostra estada a l\u2019escola Mestral, la vostra estimada escola que sempre recordareu i que sempre us tindr\u00e0 les portes obertes.<\/p>\n<\/blockquote>\n<p style=\"text-align: justify;\">De cara al futur us desitgem molta i molta sort. L\u2019escola Mestral sempre ser\u00e0 la vostra escola.<\/p>\n<ul>\n<li><a href=\"https:\/\/drive.google.com\/file\/d\/1J7ZeKovbeN4wCA93pU7lrV8Rez2XZjmG\/view?usp=sharing\">V\u00cdDEO DE LES ORLES<\/a><\/li>\n<li><a href=\"https:\/\/photos.app.goo.gl\/UyKzJ3AH1zQN9sUT7\">FOTOGRAFIES DE LES ORLES<\/a><\/li>\n<\/ul>\n<p><strong>RECULL FOTOGRAFIES DE LES ORLES:<\/strong><\/p>\n<table style=\"border-collapse: collapse; width: 100%; height: 62px;\">\n<tbody>\n<tr style=\"height: 31px;\">\n<td style=\"width: 50%; text-align: center; height: 31px;\"><a href=\"https:\/\/photos.app.goo.gl\/VMAJKVuiboRkfZVH6\">ED. INFANTIL<\/a><\/td>\n<td style=\"width: 50%; text-align: center; height: 31px;\"><a href=\"https:\/\/photos.app.goo.gl\/iiAKFDjjnTb3ufp36\">CICLE INICIAL<\/a><\/td>\n<\/tr>\n<tr style=\"height: 31px;\">\n<td style=\"width: 50%; text-align: center; height: 31px;\"><a href=\"https:\/\/photos.app.goo.gl\/rKYiJXzBvzupKPT19\">CICLE MITJ\u00c0<\/a><\/td>\n<td style=\"width: 50%; text-align: center; height: 31px;\"><a href=\"https:\/\/photos.app.goo.gl\/5nippGTnMEgeMtF19\">CICLE SUPERIOR<\/a><\/td>\n<\/tr>\n<\/tbody>\n<\/table>\n<p><a href=\"https:\/\/agora.xtec.cat\/escolamestralvilanova\/wp-content\/uploads\/usu729\/2024\/06\/PROPOSTA-ORLA.png\"><img loading=\"lazy\" decoding=\"async\" class=\"alignnone wp-image-9225 size-medium\" src=\"https:\/\/agora.xtec.cat\/escolamestralvilanova\/wp-content\/uploads\/usu729\/2024\/06\/PROPOSTA-ORLA-212x300.png\" alt=\"\" width=\"212\" height=\"300\" srcset=\"https:\/\/agora.xtec.cat\/escolamestralvilanova\/wp-content\/uploads\/usu729\/2024\/06\/PROPOSTA-ORLA-212x300.png 212w, https:\/\/agora.xtec.cat\/escolamestralvilanova\/wp-content\/uploads\/usu729\/2024\/06\/PROPOSTA-ORLA.png 500w\" sizes=\"auto, (max-width: 212px) 100vw, 212px\" \/><\/a><\/p>\n","protected":false},"excerpt":{"rendered":"<p>El passat dijous 13 de juny, es va dur a terme l\u2019acte d\u2019acomiadament dels i les alumnes de sis\u00e8 curs.<\/p>\n<p>Despr\u00e9s de nou anys a l\u2019escola ha arribat el moment de comen\u00e7ar una nova etapa,\u00a0 \u00e9s temps per valorar el bon cam\u00ed que heu fet plegats&hellip;  <a href=\"https:\/\/agora.xtec.cat\/escolamestralvilanova\/portada\/orles-6e\/\" title=\"Read ORLES 6\u00e8\">Llegeix m\u00e9s\u00bb<\/a><\/p>\n","protected":false},"author":1,"featured_media":0,"comment_status":"open","ping_status":"closed","sticky":false,"template":"","format":"standard","meta":{"_bbp_topic_count":0,"_bbp_reply_count":0,"_bbp_total_topic_count":0,"_bbp_total_reply_count":0,"_bbp_voice_count":0,"_bbp_anonymous_reply_count":0,"_bbp_topic_count_hidden":0,"_bbp_reply_count_hidden":0,"_bbp_forum_subforum_count":0,"footnotes":""},"categories":[4,5],"tags":[],"class_list":["post-9224","post","type-post","status-publish","format-standard","hentry","category-portada","category-primaria"],"post_mailing_queue_ids":[],"_links":{"self":[{"href":"https:\/\/agora.xtec.cat\/escolamestralvilanova\/wp-json\/wp\/v2\/posts\/9224","targetHints":{"allow":["GET"]}}],"collection":[{"href":"https:\/\/agora.xtec.cat\/escolamestralvilanova\/wp-json\/wp\/v2\/posts"}],"about":[{"href":"https:\/\/agora.xtec.cat\/escolamestralvilanova\/wp-json\/wp\/v2\/types\/post"}],"author":[{"embeddable":true,"href":"https:\/\/agora.xtec.cat\/escolamestralvilanova\/wp-json\/wp\/v2\/users\/1"}],"replies":[{"embeddable":true,"href":"https:\/\/agora.xtec.cat\/escolamestralvilanova\/wp-json\/wp\/v2\/comments?post=9224"}],"version-history":[{"count":2,"href":"https:\/\/agora.xtec.cat\/escolamestralvilanova\/wp-json\/wp\/v2\/posts\/9224\/revisions"}],"predecessor-version":[{"id":9228,"href":"https:\/\/agora.xtec.cat\/escolamestralvilanova\/wp-json\/wp\/v2\/posts\/9224\/revisions\/9228"}],"wp:attachment":[{"href":"https:\/\/agora.xtec.cat\/escolamestralvilanova\/wp-json\/wp\/v2\/media?parent=9224"}],"wp:term":[{"taxonomy":"category","embeddable":true,"href":"https:\/\/agora.xtec.cat\/escolamestralvilanova\/wp-json\/wp\/v2\/categories?post=9224"},{"taxonomy":"post_tag","embeddable":true,"href":"https:\/\/agora.xtec.cat\/escolamestralvilanova\/wp-json\/wp\/v2\/tags?post=9224"}],"curies":[{"name":"wp","href":"https:\/\/api.w.org\/{rel}","templated":true}]}}