{"id":9171,"date":"2024-05-14T15:57:08","date_gmt":"2024-05-14T13:57:08","guid":{"rendered":"https:\/\/agora.xtec.cat\/escolamestralvilanova\/?p=9171"},"modified":"2024-05-14T15:57:08","modified_gmt":"2024-05-14T13:57:08","slug":"cientifiques-lleidatanes","status":"publish","type":"post","link":"https:\/\/agora.xtec.cat\/escolamestralvilanova\/portada\/cientifiques-lleidatanes\/","title":{"rendered":"CIENT\u00cdFIQUES LLEIDATANES"},"content":{"rendered":"<p>Avui hem rebut la visita de la Mariona i l&#8217;Am\u00e8lia, dues cient\u00edfiques lleidatanes que treballen a l&#8217;IRB.<\/p>\n<p>Durant la visita ens han explicat el seu ofici, el paper de la dona a la ci\u00e8ncia al llarg del temps i la rellev\u00e0ncia de la investigaci\u00f3 cient\u00edfica.<\/p>\n<p>Per acabar, hem realitzat un taller en el qual hem representat cadenes d&#8217;ADN tot aprenent el paper de les seves prote\u00efnes.<\/p>\n<p>Ens ha agradat molt!<\/p>\n<ul>\n<li><a href=\"https:\/\/photos.app.goo.gl\/wo3g25AjtB5YRrMQ6\">ENLLA\u00c7 A LES FOTOGRAFIES<\/a><\/li>\n<\/ul>\n<p><a href=\"https:\/\/photos.app.goo.gl\/wo3g25AjtB5YRrMQ6\"><img loading=\"lazy\" decoding=\"async\" class=\"alignnone size-medium wp-image-9172\" src=\"https:\/\/agora.xtec.cat\/escolamestralvilanova\/wp-content\/uploads\/usu729\/2024\/05\/IMG_9360-300x225.jpg\" alt=\"\" width=\"300\" height=\"225\" srcset=\"https:\/\/agora.xtec.cat\/escolamestralvilanova\/wp-content\/uploads\/usu729\/2024\/05\/IMG_9360-300x225.jpg 300w, https:\/\/agora.xtec.cat\/escolamestralvilanova\/wp-content\/uploads\/usu729\/2024\/05\/IMG_9360-200x150.jpg 200w, https:\/\/agora.xtec.cat\/escolamestralvilanova\/wp-content\/uploads\/usu729\/2024\/05\/IMG_9360.jpg 448w\" sizes=\"auto, (max-width: 300px) 100vw, 300px\" \/><\/a><\/p>\n","protected":false},"excerpt":{"rendered":"<p>Avui hem rebut la visita de la Mariona i l&#8217;Am\u00e8lia, dues cient\u00edfiques lleidatanes que treballen a l&#8217;IRB.<br \/>\nDurant la visita ens han explicat el seu ofici, el paper de la dona a la ci\u00e8ncia al llarg del temps i la rellev\u00e0ncia de la investigaci\u00f3 cient\u00edfica.<br \/>\nPer acabar,&hellip;  <a href=\"https:\/\/agora.xtec.cat\/escolamestralvilanova\/portada\/cientifiques-lleidatanes\/\" title=\"Read CIENT\u00cdFIQUES LLEIDATANES\">Llegeix m\u00e9s\u00bb<\/a><\/p>\n","protected":false},"author":1,"featured_media":0,"comment_status":"open","ping_status":"closed","sticky":false,"template":"","format":"standard","meta":{"_bbp_topic_count":0,"_bbp_reply_count":0,"_bbp_total_topic_count":0,"_bbp_total_reply_count":0,"_bbp_voice_count":0,"_bbp_anonymous_reply_count":0,"_bbp_topic_count_hidden":0,"_bbp_reply_count_hidden":0,"_bbp_forum_subforum_count":0,"footnotes":""},"categories":[12,15,4,5],"tags":[],"class_list":["post-9171","post","type-post","status-publish","format-standard","hentry","category-tercer-quart","category-cicle-superior","category-portada","category-primaria"],"post_mailing_queue_ids":[],"_links":{"self":[{"href":"https:\/\/agora.xtec.cat\/escolamestralvilanova\/wp-json\/wp\/v2\/posts\/9171","targetHints":{"allow":["GET"]}}],"collection":[{"href":"https:\/\/agora.xtec.cat\/escolamestralvilanova\/wp-json\/wp\/v2\/posts"}],"about":[{"href":"https:\/\/agora.xtec.cat\/escolamestralvilanova\/wp-json\/wp\/v2\/types\/post"}],"author":[{"embeddable":true,"href":"https:\/\/agora.xtec.cat\/escolamestralvilanova\/wp-json\/wp\/v2\/users\/1"}],"replies":[{"embeddable":true,"href":"https:\/\/agora.xtec.cat\/escolamestralvilanova\/wp-json\/wp\/v2\/comments?post=9171"}],"version-history":[{"count":1,"href":"https:\/\/agora.xtec.cat\/escolamestralvilanova\/wp-json\/wp\/v2\/posts\/9171\/revisions"}],"predecessor-version":[{"id":9173,"href":"https:\/\/agora.xtec.cat\/escolamestralvilanova\/wp-json\/wp\/v2\/posts\/9171\/revisions\/9173"}],"wp:attachment":[{"href":"https:\/\/agora.xtec.cat\/escolamestralvilanova\/wp-json\/wp\/v2\/media?parent=9171"}],"wp:term":[{"taxonomy":"category","embeddable":true,"href":"https:\/\/agora.xtec.cat\/escolamestralvilanova\/wp-json\/wp\/v2\/categories?post=9171"},{"taxonomy":"post_tag","embeddable":true,"href":"https:\/\/agora.xtec.cat\/escolamestralvilanova\/wp-json\/wp\/v2\/tags?post=9171"}],"curies":[{"name":"wp","href":"https:\/\/api.w.org\/{rel}","templated":true}]}}