{"id":9165,"date":"2024-05-13T09:16:36","date_gmt":"2024-05-13T07:16:36","guid":{"rendered":"https:\/\/agora.xtec.cat\/escolamestralvilanova\/?p=9165"},"modified":"2024-05-13T09:16:36","modified_gmt":"2024-05-13T07:16:36","slug":"setmana-de-la-roda","status":"publish","type":"post","link":"https:\/\/agora.xtec.cat\/escolamestralvilanova\/infantil\/setmana-de-la-roda\/","title":{"rendered":"SETMANA DE LA RODA"},"content":{"rendered":"<p class=\"gmail_default\" style=\"text-align: justify;\">Al llarg d&#8217;aquesta setmana, a l&#8217;escola durem a terme la &#8220;Setmana de la Roda&#8221; per la qual cosa s&#8217;han planificat diferents activitats:<\/p>\n<div class=\"gmail_default\">\n<ul style=\"text-align: justify;\">\n<li><b>Dimecres 15 de maig<\/b><\/li>\n<\/ul>\n<p style=\"text-align: justify;\">El dimecres 15 de maig, al mat\u00ed, anirem al pumptrack del nostre poble a gaudir d&#8217;unes classes de tecnificaci\u00f3 a c\u00e0rrec dels monitor del &#8220;Bike Aventure&#8221; de Vila-Sana.\u00a0<b>Caldr\u00e0 que tot l&#8217;alumnat de l&#8217;escola\u00a0porti la bicicleta o patinet de casa i el casc.<\/b><\/p>\n<div>\n<ul style=\"text-align: justify;\">\n<li><b>Divendres 17 de maig<\/b><\/li>\n<\/ul>\n<p style=\"text-align: justify;\">El divendres 17 de maig, al mat\u00ed, tot l&#8217;alumnat d&#8217;educaci\u00f3 Prim\u00e0ria (de 1r a 6\u00e8) anirem a fer activitats sobre rodes al pumptrack i al camp de futbol.\u00a0<b>Caldr\u00e0 que tot l&#8217;alumnat d&#8217;Educaci\u00f3 Prim\u00e0ria\u00a0porti la bicicleta o patinet de casa i el casc.<\/b><\/p>\n<p style=\"text-align: justify;\">Ens ho passarem molt b\u00e9!<\/p>\n<p><a href=\"https:\/\/agora.xtec.cat\/escolamestralvilanova\/wp-content\/uploads\/usu729\/2024\/05\/Setmana-de-la-roda-2024.png\"><img loading=\"lazy\" decoding=\"async\" class=\"alignnone wp-image-9166 size-medium\" src=\"https:\/\/agora.xtec.cat\/escolamestralvilanova\/wp-content\/uploads\/usu729\/2024\/05\/Setmana-de-la-roda-2024-212x300.png\" alt=\"\" width=\"212\" height=\"300\" srcset=\"https:\/\/agora.xtec.cat\/escolamestralvilanova\/wp-content\/uploads\/usu729\/2024\/05\/Setmana-de-la-roda-2024-212x300.png 212w, https:\/\/agora.xtec.cat\/escolamestralvilanova\/wp-content\/uploads\/usu729\/2024\/05\/Setmana-de-la-roda-2024-724x1024.png 724w, https:\/\/agora.xtec.cat\/escolamestralvilanova\/wp-content\/uploads\/usu729\/2024\/05\/Setmana-de-la-roda-2024-768x1086.png 768w, https:\/\/agora.xtec.cat\/escolamestralvilanova\/wp-content\/uploads\/usu729\/2024\/05\/Setmana-de-la-roda-2024-1086x1536.png 1086w, https:\/\/agora.xtec.cat\/escolamestralvilanova\/wp-content\/uploads\/usu729\/2024\/05\/Setmana-de-la-roda-2024-1448x2048.png 1448w, https:\/\/agora.xtec.cat\/escolamestralvilanova\/wp-content\/uploads\/usu729\/2024\/05\/Setmana-de-la-roda-2024.png 1587w\" sizes=\"auto, (max-width: 212px) 100vw, 212px\" \/><\/a><\/p>\n<\/div>\n<\/div>\n","protected":false},"excerpt":{"rendered":"<p>Al llarg d&#8217;aquesta setmana, a l&#8217;escola durem a terme la &#8220;Setmana de la Roda&#8221; per la qual cosa s&#8217;han planificat diferents activitats:<\/p>\n<ul style=\"text-align: justify;\">\n<li>Dimecres 15 de maig<\/li>\n<\/ul>\n<p>El dimecres 15 de maig, al mat\u00ed, anirem al pumptrack del nostre poble a gaudir d&#8217;unes classes de tecnificaci\u00f3&hellip;  <a href=\"https:\/\/agora.xtec.cat\/escolamestralvilanova\/infantil\/setmana-de-la-roda\/\" title=\"Read SETMANA DE LA RODA\">Llegeix m\u00e9s\u00bb<\/a><\/p>\n","protected":false},"author":1,"featured_media":0,"comment_status":"open","ping_status":"closed","sticky":false,"template":"","format":"standard","meta":{"_bbp_topic_count":0,"_bbp_reply_count":0,"_bbp_total_topic_count":0,"_bbp_total_reply_count":0,"_bbp_voice_count":0,"_bbp_anonymous_reply_count":0,"_bbp_topic_count_hidden":0,"_bbp_reply_count_hidden":0,"_bbp_forum_subforum_count":0,"footnotes":""},"categories":[2,4,5],"tags":[],"class_list":["post-9165","post","type-post","status-publish","format-standard","hentry","category-infantil","category-portada","category-primaria"],"post_mailing_queue_ids":[],"_links":{"self":[{"href":"https:\/\/agora.xtec.cat\/escolamestralvilanova\/wp-json\/wp\/v2\/posts\/9165","targetHints":{"allow":["GET"]}}],"collection":[{"href":"https:\/\/agora.xtec.cat\/escolamestralvilanova\/wp-json\/wp\/v2\/posts"}],"about":[{"href":"https:\/\/agora.xtec.cat\/escolamestralvilanova\/wp-json\/wp\/v2\/types\/post"}],"author":[{"embeddable":true,"href":"https:\/\/agora.xtec.cat\/escolamestralvilanova\/wp-json\/wp\/v2\/users\/1"}],"replies":[{"embeddable":true,"href":"https:\/\/agora.xtec.cat\/escolamestralvilanova\/wp-json\/wp\/v2\/comments?post=9165"}],"version-history":[{"count":1,"href":"https:\/\/agora.xtec.cat\/escolamestralvilanova\/wp-json\/wp\/v2\/posts\/9165\/revisions"}],"predecessor-version":[{"id":9167,"href":"https:\/\/agora.xtec.cat\/escolamestralvilanova\/wp-json\/wp\/v2\/posts\/9165\/revisions\/9167"}],"wp:attachment":[{"href":"https:\/\/agora.xtec.cat\/escolamestralvilanova\/wp-json\/wp\/v2\/media?parent=9165"}],"wp:term":[{"taxonomy":"category","embeddable":true,"href":"https:\/\/agora.xtec.cat\/escolamestralvilanova\/wp-json\/wp\/v2\/categories?post=9165"},{"taxonomy":"post_tag","embeddable":true,"href":"https:\/\/agora.xtec.cat\/escolamestralvilanova\/wp-json\/wp\/v2\/tags?post=9165"}],"curies":[{"name":"wp","href":"https:\/\/api.w.org\/{rel}","templated":true}]}}