{"id":9157,"date":"2024-05-08T15:57:59","date_gmt":"2024-05-08T13:57:59","guid":{"rendered":"https:\/\/agora.xtec.cat\/escolamestralvilanova\/?p=9157"},"modified":"2024-05-08T15:59:10","modified_gmt":"2024-05-08T13:59:10","slug":"anem-al-teatre","status":"publish","type":"post","link":"https:\/\/agora.xtec.cat\/escolamestralvilanova\/portada\/anem-al-teatre\/","title":{"rendered":"ANEM AL TEATRE"},"content":{"rendered":"<p style=\"text-align: justify;\">Ahir els alumnes de CM i CS vam anar fins a Alpicat a veure l&#8217;obra de teatre \u201cMatres\u201d de la companyia de teatre <em>Campi qui pugui<\/em>.<\/p>\n<p style=\"text-align: justify;\">Va ser un moment molt especial per als actors, actrius, equip t\u00e8cnic i escen\u00f2grafs\u2026 ja que tot just era la seva segona representaci\u00f3 i la nostra pres\u00e8ncia els ajudaria a seguir millorant l&#8217;obra per a l&#8217;estrena definitiva.<\/p>\n<p style=\"text-align: justify;\">Finalitzada la representaci\u00f3, vam poder conversar amb els actors i les actrius, aix\u00ed com l&#8217;equip t\u00e8cnic per aportar la nostra opini\u00f3 sobre qu\u00e8 ens havia semblat, qu\u00e8 ens havia remogut, qu\u00e8 hi podr\u00edem aportar, consells, dubtes, aclariments\u2026<\/p>\n<p dir=\"auto\" style=\"text-align: justify;\">Estem immensament agra\u00efts pel fet que hagin comptat amb la nostra pres\u00e8ncia i les nostres aportacions per poder millorar i engrandir el seu projecte.<\/p>\n<p dir=\"auto\" style=\"text-align: justify;\">Gr\u00e0cies i bona estrena!<\/p>\n<div dir=\"auto\"><\/div>\n<div dir=\"auto\"><a href=\"https:\/\/agora.xtec.cat\/escolamestralvilanova\/wp-content\/uploads\/usu729\/2024\/05\/Imatge1.png\"><img loading=\"lazy\" decoding=\"async\" class=\"alignnone wp-image-9158 size-medium\" src=\"https:\/\/agora.xtec.cat\/escolamestralvilanova\/wp-content\/uploads\/usu729\/2024\/05\/Imatge1-300x225.png\" alt=\"\" width=\"300\" height=\"225\" srcset=\"https:\/\/agora.xtec.cat\/escolamestralvilanova\/wp-content\/uploads\/usu729\/2024\/05\/Imatge1-300x225.png 300w, https:\/\/agora.xtec.cat\/escolamestralvilanova\/wp-content\/uploads\/usu729\/2024\/05\/Imatge1-200x150.png 200w, https:\/\/agora.xtec.cat\/escolamestralvilanova\/wp-content\/uploads\/usu729\/2024\/05\/Imatge1.png 640w\" sizes=\"auto, (max-width: 300px) 100vw, 300px\" \/><\/a><\/div>\n<div class=\"addtoany_share_save_container addtoany_content addtoany_content_bottom\">\n<div class=\"a2a_kit a2a_kit_size_32 addtoany_list\" data-a2a-url=\"https:\/\/agora.xtec.cat\/escolatorrelameu\/general\/gracies\/\" data-a2a-title=\"Gr\u00e0cies\"><\/div>\n<\/div>\n","protected":false},"excerpt":{"rendered":"<p>Ahir els alumnes de CM i CS vam anar fins a Alpicat a veure l&#8217;obra de teatre \u201cMatres\u201d de la companyia de teatre Campi qui pugui.<br \/>\nVa ser un moment molt especial per als actors, actrius, equip t\u00e8cnic i escen\u00f2grafs\u2026 ja que tot just era la&hellip;  <a href=\"https:\/\/agora.xtec.cat\/escolamestralvilanova\/portada\/anem-al-teatre\/\" title=\"Read ANEM AL TEATRE\">Llegeix m\u00e9s\u00bb<\/a><\/p>\n","protected":false},"author":1,"featured_media":0,"comment_status":"open","ping_status":"closed","sticky":false,"template":"","format":"standard","meta":{"_bbp_topic_count":0,"_bbp_reply_count":0,"_bbp_total_topic_count":0,"_bbp_total_reply_count":0,"_bbp_voice_count":0,"_bbp_anonymous_reply_count":0,"_bbp_topic_count_hidden":0,"_bbp_reply_count_hidden":0,"_bbp_forum_subforum_count":0,"footnotes":""},"categories":[12,15,4,5],"tags":[],"class_list":["post-9157","post","type-post","status-publish","format-standard","hentry","category-tercer-quart","category-cicle-superior","category-portada","category-primaria"],"post_mailing_queue_ids":[],"_links":{"self":[{"href":"https:\/\/agora.xtec.cat\/escolamestralvilanova\/wp-json\/wp\/v2\/posts\/9157","targetHints":{"allow":["GET"]}}],"collection":[{"href":"https:\/\/agora.xtec.cat\/escolamestralvilanova\/wp-json\/wp\/v2\/posts"}],"about":[{"href":"https:\/\/agora.xtec.cat\/escolamestralvilanova\/wp-json\/wp\/v2\/types\/post"}],"author":[{"embeddable":true,"href":"https:\/\/agora.xtec.cat\/escolamestralvilanova\/wp-json\/wp\/v2\/users\/1"}],"replies":[{"embeddable":true,"href":"https:\/\/agora.xtec.cat\/escolamestralvilanova\/wp-json\/wp\/v2\/comments?post=9157"}],"version-history":[{"count":3,"href":"https:\/\/agora.xtec.cat\/escolamestralvilanova\/wp-json\/wp\/v2\/posts\/9157\/revisions"}],"predecessor-version":[{"id":9161,"href":"https:\/\/agora.xtec.cat\/escolamestralvilanova\/wp-json\/wp\/v2\/posts\/9157\/revisions\/9161"}],"wp:attachment":[{"href":"https:\/\/agora.xtec.cat\/escolamestralvilanova\/wp-json\/wp\/v2\/media?parent=9157"}],"wp:term":[{"taxonomy":"category","embeddable":true,"href":"https:\/\/agora.xtec.cat\/escolamestralvilanova\/wp-json\/wp\/v2\/categories?post=9157"},{"taxonomy":"post_tag","embeddable":true,"href":"https:\/\/agora.xtec.cat\/escolamestralvilanova\/wp-json\/wp\/v2\/tags?post=9157"}],"curies":[{"name":"wp","href":"https:\/\/api.w.org\/{rel}","templated":true}]}}