{"id":9127,"date":"2024-04-22T12:46:26","date_gmt":"2024-04-22T10:46:26","guid":{"rendered":"https:\/\/agora.xtec.cat\/escolamestralvilanova\/?p=9127"},"modified":"2024-04-22T12:46:26","modified_gmt":"2024-04-22T10:46:26","slug":"sant-jordi-2024","status":"publish","type":"post","link":"https:\/\/agora.xtec.cat\/escolamestralvilanova\/portada\/sant-jordi-2024\/","title":{"rendered":"SANT JORDI 2024"},"content":{"rendered":"<p style=\"text-align: justify;\"><span style=\"font-family: inherit; font-size: 1em;\">S&#8217;acosta Sant Jordi i ens fa molta il\u00b7lusi\u00f3 compartir amb vosaltres la planificaci\u00f3 de les activitats que tenim preparades per la jornada de Sant Jordi.<\/span><\/p>\n<ul style=\"text-align: justify;\">\n<li><strong>\u201cConta\u2019m un conte\u201d:<\/strong><\/li>\n<\/ul>\n<p style=\"text-align: justify;\">Com ja sabeu&#8230;, ens agraden molt els contes! Per aix\u00f2, durant la tarda d&#8217;avui, fam\u00edlies volunt\u00e0ries, aprenents de l\u2019escola i mestres ens explicaran contes als diferents grups de l\u2019escola.<\/p>\n<ul style=\"text-align: justify;\">\n<li><strong>Mercat de Primavera<\/strong><\/li>\n<\/ul>\n<p style=\"text-align: justify;\">Arribada la Primavera, \u00e9s el moment de preparar una nova edici\u00f3 del mercat de l\u2019escola, \u00e9s per aquest motiu que al llarg de les darreres setmanes tots els i les alumnes hem estat confeccionat un producte per ser venut.<\/p>\n<p style=\"text-align: justify;\"><strong>Aix\u00ed, dem\u00e0 dimarts 23, a partir de les 16 hores, es posaran a la venta clauers originals a un preu de 2\u20ac.<\/strong><\/p>\n<p style=\"text-align: justify;\">La recaptaci\u00f3 es destinar\u00e0 a la subvenci\u00f3\u00a0d&#8217;activitats pedag\u00f2giques que es realitzin al llarg\u00a0del\u00a0curs.<\/p>\n<p style=\"text-align: justify;\"><strong>A la p\u00e0gina web de l&#8217;escola trobareu penjat el v\u00eddeo del preg\u00f3 que han fet els alumnes de CI.<\/strong><\/p>\n<ul style=\"text-align: justify;\">\n<li>\u200b<strong>La Reviscola:<\/strong><\/li>\n<\/ul>\n<p style=\"text-align: justify;\">A partir del projecte d&#8217;escola UN VIATGE PER L&#8217;ESPAI hem elaborat una nova edici\u00f3 de la Reviscola. Una revista digital on cada aula ha exposat una petita mostra del treball que hem fet. Durant el dia de dem\u00e0 rebreu l\u2019enlla\u00e7 d\u2019un nou exemplar de la 4\u00aa edici\u00f3 de la Reviscola.<\/p>\n<ul style=\"text-align: justify;\">\n<li><strong>Jocs Florals:<\/strong><\/li>\n<\/ul>\n<p style=\"text-align: justify;\">Al llarg de la darrera setmana, per tal d\u2019incentivar l\u2019escriptura creativa, els alumnes de d&#8217;educaci\u00f3 Prim\u00e0ria han realitzat una nova edici\u00f3 dels Jocs Florals tot deixant c\u00f3rrer la seva imaginaci\u00f3 i escrivint hist\u00f2ries d\u2019all\u00f2 m\u00e9s boniques.<\/p>\n<ul>\n<li><strong>Teatre: &#8220;La llegenda de la dragona&#8221;<\/strong><\/li>\n<\/ul>\n<p style=\"font-weight: 400;\">Tamb\u00e9 per celebrar el dia de Sant Jordi\u00a0al llarg del mat\u00ed del\u00a0<strong>dimarts 23\u00a0<\/strong>es representar\u00e0 una obra anomenada \u201cLa llegenda de la dragona\u201d.<\/p>\n<ul>\n<li><strong>Venta de Roses:<\/strong><\/li>\n<\/ul>\n<p>El\u00a0<b>dimarts 23, <\/b>a primera hora, els alumnes de CS ajudarem a vendre roses a la parada que l&#8217;AFA muntar\u00e0 al costat de la parada de l&#8217;autocar,\u00a0<i>carretera 35.<\/i><\/p>\n<p><a href=\"https:\/\/agora.xtec.cat\/escolamestralvilanova\/wp-content\/uploads\/usu729\/2023\/04\/sant-jordi-2024.png\"><img loading=\"lazy\" decoding=\"async\" class=\"alignnone size-medium wp-image-9128\" src=\"https:\/\/agora.xtec.cat\/escolamestralvilanova\/wp-content\/uploads\/usu729\/2023\/04\/sant-jordi-2024-212x300.png\" alt=\"\" width=\"212\" height=\"300\" srcset=\"https:\/\/agora.xtec.cat\/escolamestralvilanova\/wp-content\/uploads\/usu729\/2023\/04\/sant-jordi-2024-212x300.png 212w, https:\/\/agora.xtec.cat\/escolamestralvilanova\/wp-content\/uploads\/usu729\/2023\/04\/sant-jordi-2024-724x1024.png 724w, https:\/\/agora.xtec.cat\/escolamestralvilanova\/wp-content\/uploads\/usu729\/2023\/04\/sant-jordi-2024-768x1086.png 768w, https:\/\/agora.xtec.cat\/escolamestralvilanova\/wp-content\/uploads\/usu729\/2023\/04\/sant-jordi-2024-1086x1536.png 1086w, https:\/\/agora.xtec.cat\/escolamestralvilanova\/wp-content\/uploads\/usu729\/2023\/04\/sant-jordi-2024-1448x2048.png 1448w, https:\/\/agora.xtec.cat\/escolamestralvilanova\/wp-content\/uploads\/usu729\/2023\/04\/sant-jordi-2024.png 1587w\" sizes=\"auto, (max-width: 212px) 100vw, 212px\" \/><\/a><\/p>\n<p>Ens agrada llegir, ens agrada Sant Jordi!<\/p>\n<p>&nbsp;<\/p>\n","protected":false},"excerpt":{"rendered":"<p>S&#8217;acosta Sant Jordi i ens fa molta il\u00b7lusi\u00f3 compartir amb vosaltres la planificaci\u00f3 de les activitats que tenim preparades per la jornada de Sant Jordi.<\/p>\n<ul style=\"text-align: justify;\">\n<li>\u201cConta\u2019m un conte\u201d:<\/li>\n<\/ul>\n<p>Com ja sabeu&#8230;, ens agraden molt els contes! Per aix\u00f2, durant la tarda d&#8217;avui, fam\u00edlies volunt\u00e0ries, aprenents&hellip;  <a href=\"https:\/\/agora.xtec.cat\/escolamestralvilanova\/portada\/sant-jordi-2024\/\" title=\"Read SANT JORDI 2024\">Llegeix m\u00e9s\u00bb<\/a><\/p>\n","protected":false},"author":1,"featured_media":0,"comment_status":"open","ping_status":"closed","sticky":false,"template":"","format":"standard","meta":{"_bbp_topic_count":0,"_bbp_reply_count":0,"_bbp_total_topic_count":0,"_bbp_total_reply_count":0,"_bbp_voice_count":0,"_bbp_anonymous_reply_count":0,"_bbp_topic_count_hidden":0,"_bbp_reply_count_hidden":0,"_bbp_forum_subforum_count":0,"footnotes":""},"categories":[4,5],"tags":[],"class_list":["post-9127","post","type-post","status-publish","format-standard","hentry","category-portada","category-primaria"],"post_mailing_queue_ids":[],"_links":{"self":[{"href":"https:\/\/agora.xtec.cat\/escolamestralvilanova\/wp-json\/wp\/v2\/posts\/9127","targetHints":{"allow":["GET"]}}],"collection":[{"href":"https:\/\/agora.xtec.cat\/escolamestralvilanova\/wp-json\/wp\/v2\/posts"}],"about":[{"href":"https:\/\/agora.xtec.cat\/escolamestralvilanova\/wp-json\/wp\/v2\/types\/post"}],"author":[{"embeddable":true,"href":"https:\/\/agora.xtec.cat\/escolamestralvilanova\/wp-json\/wp\/v2\/users\/1"}],"replies":[{"embeddable":true,"href":"https:\/\/agora.xtec.cat\/escolamestralvilanova\/wp-json\/wp\/v2\/comments?post=9127"}],"version-history":[{"count":1,"href":"https:\/\/agora.xtec.cat\/escolamestralvilanova\/wp-json\/wp\/v2\/posts\/9127\/revisions"}],"predecessor-version":[{"id":9129,"href":"https:\/\/agora.xtec.cat\/escolamestralvilanova\/wp-json\/wp\/v2\/posts\/9127\/revisions\/9129"}],"wp:attachment":[{"href":"https:\/\/agora.xtec.cat\/escolamestralvilanova\/wp-json\/wp\/v2\/media?parent=9127"}],"wp:term":[{"taxonomy":"category","embeddable":true,"href":"https:\/\/agora.xtec.cat\/escolamestralvilanova\/wp-json\/wp\/v2\/categories?post=9127"},{"taxonomy":"post_tag","embeddable":true,"href":"https:\/\/agora.xtec.cat\/escolamestralvilanova\/wp-json\/wp\/v2\/tags?post=9127"}],"curies":[{"name":"wp","href":"https:\/\/api.w.org\/{rel}","templated":true}]}}